{"id":6985,"date":"2016-06-08T18:22:00","date_gmt":"2016-06-08T21:22:00","guid":{"rendered":"http:\/\/www.atecordoba.org\/?p=6985"},"modified":"2016-06-08T18:22:00","modified_gmt":"2016-06-08T21:22:00","slug":"continua-el-conflicto-en-la-secretaria-de-agricultura-familiar-de-la-nacion","status":"publish","type":"post","link":"https:\/\/atecordoba.org\/?p=6985","title":{"rendered":"Contin\u00faa el conflicto en la Secretar\u00eda de Agricultura Familiar de la Naci\u00f3n"},"content":{"rendered":"<p>&nbsp;<\/p>\n<p><em>A tres meses del comienzo de los despidos en el sector contin\u00faan las medidas de fuerza.<\/em><\/p>\n<p><img loading=\"lazy\" decoding=\"async\" class=\"aligncenter size-full wp-image-6986\" src=\"http:\/\/www.atecordoba.org\/wp-content\/uploads\/2016\/06\/saf.jpg\" alt=\"saf\" width=\"550\" height=\"309\" \/><\/p>\n<p>En un comunicado emitido por la asamblea de trabajadores de ATE-SAF, los compa\u00f1eros afirmaron que &#8220;hoy nos encontramos sin respuestas adecuadas de las autoridades y ante las maniobras e intentos de desgaste por parte de los funcionarios, pero la lucha y el conflicto de los trabajadores sigue firme&#8221;.<\/p>\n<p>Y agregaron:&#8221;en la SAF C\u00f3rdoba luego de la muestra de unidad y lucha a nivel provincial y a nivel nacional, conseguimos una mesa de di\u00e1logo y negociaci\u00f3n con el Secretario de Agricultura Familiar Oscar Alloatti y el Coordinador Provincial Juan Pablo Vecchi. La\u00a0 misma tuvo lugar en la ciudad de Colonia Caroya, con los delegados de ATE-SAF. All\u00ed se acord\u00f3 reincorporar, en una primera etapa, a 5 de los 23 compa\u00f1eros despedidos.<\/p>\n<p>La asamblea de trabajadores de la SAF confeccion\u00f3 el orden de prioridades de las reincorporaciones con sus respectivas tandas y las fechas de las mismas y el mismo fue elevado a trav\u00e9s del coordinador provincial al Secretario Alloatti, esperando respuesta de su compromiso en 7 d\u00edas. En el d\u00eda de ayer las autoridades nos informan sobre 3 reincorporaciones.\u00a0 Una,\u00a0 ya hab\u00eda sido informada antes de la negociaci\u00f3n en Colonia Caroya, las otras 2 estaban en la primera tanda, adem\u00e1s se nos inform\u00f3 que no habr\u00eda m\u00e1s reincorporaciones durante el mes de junio.<\/p>\n<p>Nos llama la atenci\u00f3n y denunciamos que el primero de los trabajadores priorizado por la asamblea de trabajadores de la SAF C\u00f3rdoba por su antig\u00fcedad de 16 a\u00f1os y su compromiso con el sector no estaba reincorporado. El argumento esgrimido por el Secretario Alloatti fue que hab\u00eda tenido problemas personales con dicho trabajador. Consideramos esta actitud como discriminatoria y pasible de ser enmarcada bajo la figura de persecuci\u00f3n pol\u00edtica.<\/p>\n<p>Tambi\u00e9n denunciamos trato discriminatorio en cuanto a roles, funciones, acceso a financiamiento, a avales institucionales contra los trabajadores que reclamamos nuestros derechos.<\/p>\n<p>Por tales motivos la asamblea de trabajadores de la SAF del d\u00eda 6 de junio del 2016 resuelve:<\/p>\n<p>-mantener el estado de alerta y movilizaci\u00f3n con quita de colaboraci\u00f3n y medidas sorpresivas.<\/p>\n<p>-participar activamente de las jornadas de lucha nacionales de la SAF y otras reparticiones en Capital Federal los d\u00edas 14, 15 y 16 de Junio.<\/p>\n<p>-convocar a paro activo de nuestro sector para esos d\u00edas.<\/p>\n<p>Llevaremos adem\u00e1s la propuesta a los delegados regionales para realizar una actividad de lucha el d\u00eda 28 de junio, en el marco de las actividades planificadas por la Mesa de la Agricultura Familiar convocadas por las autoridades y las organizaciones.<\/p>\n<p>Exigimos tambi\u00e9n mesa de di\u00e1logo a nivel nacional y que las autoridades cumplan los compromisos\u00a0 y no sigan dilatando m\u00e1s las reincorporaciones.<\/p>\n<p>Si no hay respuestas, redoblaremos las acciones para exigir la reincorporaci\u00f3n de todos los despedidos&#8221;.<\/p>\n<p>\u00a1Reincorporaci\u00f3n\u00a0 ya!<\/p>\n<p>\u00a1Basta de Despidos!<\/p>\n<p>\u00a1Basta de discriminaci\u00f3n!<\/p>\n<p>\u00a1Basta de persecuci\u00f3n!<\/p>\n<p>\u00a1Unidad y lucha de los trabajadores!<\/p>\n","protected":false},"excerpt":{"rendered":"<p>&nbsp; A tres meses del comienzo de los despidos en el sector contin\u00faan las medidas de fuerza. En un comunicado emitido por la asamblea de trabajadores de ATE-SAF, los compa\u00f1eros afirmaron que &#8220;hoy nos encontramos sin respuestas adecuadas de las autoridades y ante las maniobras e intentos de desgaste por parte de los funcionarios, pero [&hellip;]<\/p>\n","protected":false},"author":1,"featured_media":19220,"comment_status":"open","ping_status":"open","sticky":false,"template":"","format":"standard","meta":{"_exactmetrics_skip_tracking":false,"_exactmetrics_sitenote_active":false,"_exactmetrics_sitenote_note":"","_exactmetrics_sitenote_category":0,"jnews-multi-image_gallery":[],"jnews_single_post":[],"jnews_primary_category":[],"jnews_social_meta":[],"jnews_review":[],"enable_review":"","type":"","name":"","summary":"","brand":"","sku":"","good":[],"bad":[],"score_override":"","override_value":"","rating":[],"price":[],"jnews_override_counter":[],"jnews_post_split":[],"footnotes":""},"categories":[18,16],"tags":[],"class_list":["post-6985","post","type-post","status-publish","format-standard","has-post-thumbnail","hentry","category-nacionales","category-saf"],"jetpack_featured_media_url":"https:\/\/atecordoba.org\/wp-content\/uploads\/2020\/05\/logo-nuevochico-e1561581322808.png","_links":{"self":[{"href":"https:\/\/atecordoba.org\/index.php?rest_route=\/wp\/v2\/posts\/6985","targetHints":{"allow":["GET"]}}],"collection":[{"href":"https:\/\/atecordoba.org\/index.php?rest_route=\/wp\/v2\/posts"}],"about":[{"href":"https:\/\/atecordoba.org\/index.php?rest_route=\/wp\/v2\/types\/post"}],"author":[{"embeddable":true,"href":"https:\/\/atecordoba.org\/index.php?rest_route=\/wp\/v2\/users\/1"}],"replies":[{"embeddable":true,"href":"https:\/\/atecordoba.org\/index.php?rest_route=%2Fwp%2Fv2%2Fcomments&post=6985"}],"version-history":[{"count":0,"href":"https:\/\/atecordoba.org\/index.php?rest_route=\/wp\/v2\/posts\/6985\/revisions"}],"wp:featuredmedia":[{"embeddable":true,"href":"https:\/\/atecordoba.org\/index.php?rest_route=\/wp\/v2\/media\/19220"}],"wp:attachment":[{"href":"https:\/\/atecordoba.org\/index.php?rest_route=%2Fwp%2Fv2%2Fmedia&parent=6985"}],"wp:term":[{"taxonomy":"category","embeddable":true,"href":"https:\/\/atecordoba.org\/index.php?rest_route=%2Fwp%2Fv2%2Fcategories&post=6985"},{"taxonomy":"post_tag","embeddable":true,"href":"https:\/\/atecordoba.org\/index.php?rest_route=%2Fwp%2Fv2%2Ftags&post=6985"}],"curies":[{"name":"wp","href":"https:\/\/api.w.org\/{rel}","templated":true}]}}