{"id":6981,"date":"2016-06-07T18:58:57","date_gmt":"2016-06-07T21:58:57","guid":{"rendered":"http:\/\/www.atecordoba.org\/?p=6981"},"modified":"2016-06-07T18:58:57","modified_gmt":"2016-06-07T21:58:57","slug":"ate-realizo-en-cordoba-la-carpa-del-trabajador-estatal","status":"publish","type":"post","link":"https:\/\/atecordoba.org\/?p=6981","title":{"rendered":"ATE realiz\u00f3 en C\u00f3rdoba la carpa del trabajador estatal"},"content":{"rendered":"<p><em>Entre el 30 de mayo\u00a0y el 1\u00ba de junio se llev\u00f3 a cabo al actividad de difusi\u00f3n ante la comunidad de las actividades que realizan los diferentes sectores del Estado. Participaron trabajadores de los diversos sectores provinciales, municipales y nacionales cuyos organismos se encuentran en la provincia.<\/em><\/p>\n<p><img loading=\"lazy\" decoding=\"async\" class=\"aligncenter size-full wp-image-6982\" src=\"http:\/\/www.atecordoba.org\/wp-content\/uploads\/2016\/06\/WhatsApp-Image-20160607-e1465336688185.jpg\" alt=\"WhatsApp-Image-20160607\" width=\"550\" height=\"309\" \/><\/p>\n<p>Con gran participaci\u00f3n de activistas y delegados de ATE se llev\u00f3 a cabo la carpa del Trabajador Estatal en la Plaza San Mart\u00edn. \u00a0La actividad se realiz\u00f3 en el marco de la\u00a0campa\u00f1a de concientizaci\u00f3n sobre el rol que cumple el Estado y los trabajadores estatales en beneficio de la sociedad, y tuvo por\u00a0objetivo brindar una alternativa, en base a informaci\u00f3n concreta, a la andanada de agresiones y descalificaciones que se vierten desde las m\u00e1s altas autoridades de gobierno y los medios de comunicaci\u00f3n.<\/p>\n<p>Con la presencia del secretariado del Consejo Directivo Provincial, encabezado por nuestra secretaria General, Mar\u00eda Liliana Salerno, la actividad cont\u00f3 con la participaci\u00f3n de trabajadores\u00a0del sector salud provincial, municipales de diversos localidades, de las seccionales R\u00edo Tercero y Villa Mar\u00eda de Fabricaciones Militares, compa\u00f1eros de PAMI, ANSES, CONICET, ANAC, INTI, Comisi\u00f3n Nacional de Regulaci\u00f3n del Transporte, No Docentes de la UNC, Secretaria de Agricultura Familiar, Dioxitek y Ministerio de Desarrollo Social.<\/p>\n<p>&nbsp;<\/p>\n","protected":false},"excerpt":{"rendered":"<p>Entre el 30 de mayo\u00a0y el 1\u00ba de junio se llev\u00f3 a cabo al actividad de difusi\u00f3n ante la comunidad de las actividades que realizan los diferentes sectores del Estado. Participaron trabajadores de los diversos sectores provinciales, municipales y nacionales cuyos organismos se encuentran en la provincia. Con gran participaci\u00f3n de activistas y delegados de [&hellip;]<\/p>\n","protected":false},"author":1,"featured_media":19220,"comment_status":"open","ping_status":"open","sticky":false,"template":"","format":"standard","meta":{"_exactmetrics_skip_tracking":false,"_exactmetrics_sitenote_active":false,"_exactmetrics_sitenote_note":"","_exactmetrics_sitenote_category":0,"jnews-multi-image_gallery":[],"jnews_single_post":[],"jnews_primary_category":[],"jnews_social_meta":[],"jnews_review":[],"enable_review":"","type":"","name":"","summary":"","brand":"","sku":"","good":[],"bad":[],"score_override":"","override_value":"","rating":[],"price":[],"jnews_override_counter":[],"jnews_post_split":[],"footnotes":""},"categories":[18],"tags":[],"class_list":["post-6981","post","type-post","status-publish","format-standard","has-post-thumbnail","hentry","category-nacionales"],"jetpack_featured_media_url":"https:\/\/atecordoba.org\/wp-content\/uploads\/2020\/05\/logo-nuevochico-e1561581322808.png","_links":{"self":[{"href":"https:\/\/atecordoba.org\/index.php?rest_route=\/wp\/v2\/posts\/6981","targetHints":{"allow":["GET"]}}],"collection":[{"href":"https:\/\/atecordoba.org\/index.php?rest_route=\/wp\/v2\/posts"}],"about":[{"href":"https:\/\/atecordoba.org\/index.php?rest_route=\/wp\/v2\/types\/post"}],"author":[{"embeddable":true,"href":"https:\/\/atecordoba.org\/index.php?rest_route=\/wp\/v2\/users\/1"}],"replies":[{"embeddable":true,"href":"https:\/\/atecordoba.org\/index.php?rest_route=%2Fwp%2Fv2%2Fcomments&post=6981"}],"version-history":[{"count":0,"href":"https:\/\/atecordoba.org\/index.php?rest_route=\/wp\/v2\/posts\/6981\/revisions"}],"wp:featuredmedia":[{"embeddable":true,"href":"https:\/\/atecordoba.org\/index.php?rest_route=\/wp\/v2\/media\/19220"}],"wp:attachment":[{"href":"https:\/\/atecordoba.org\/index.php?rest_route=%2Fwp%2Fv2%2Fmedia&parent=6981"}],"wp:term":[{"taxonomy":"category","embeddable":true,"href":"https:\/\/atecordoba.org\/index.php?rest_route=%2Fwp%2Fv2%2Fcategories&post=6981"},{"taxonomy":"post_tag","embeddable":true,"href":"https:\/\/atecordoba.org\/index.php?rest_route=%2Fwp%2Fv2%2Ftags&post=6981"}],"curies":[{"name":"wp","href":"https:\/\/api.w.org\/{rel}","templated":true}]}}