{"id":6978,"date":"2016-06-07T18:21:23","date_gmt":"2016-06-07T21:21:23","guid":{"rendered":"http:\/\/www.atecordoba.org\/?p=6978"},"modified":"2016-06-07T18:21:23","modified_gmt":"2016-06-07T21:21:23","slug":"asamblea-en-la-farmacia-del-iose","status":"publish","type":"post","link":"https:\/\/atecordoba.org\/?p=6978","title":{"rendered":"Asamblea en la farmacia del IOSE"},"content":{"rendered":"<p><em>En el marco del plan de lucha que el sector lleva adelante en todo el pa\u00eds, hoy se realiz\u00f3 una asamblea en la farmacia de la obra social de las Fuerzas Armadas.<\/em><\/p>\n<p><img loading=\"lazy\" decoding=\"async\" class=\"aligncenter size-full wp-image-6979\" src=\"http:\/\/www.atecordoba.org\/wp-content\/uploads\/2016\/06\/IMG-20160607-WA0005-e1465334440873.jpg\" alt=\"IMG-20160607-WA0005\" width=\"550\" height=\"309\" \/><\/p>\n<p>Los trabajadores reclaman un suplemento salarial de 5000 pesos por fuera de la pauta, dado que se trata de uno de los sectores con salarios m\u00e1s bajos del Estado nacional.<\/p>\n<p>Adem\u00e1s, exigen la\u00a0recategorizaci\u00f3n e incorporaci\u00f3n de personal en \u00e1reas criticas y pase a planta permanente de los precarizados.<\/p>\n","protected":false},"excerpt":{"rendered":"<p>En el marco del plan de lucha que el sector lleva adelante en todo el pa\u00eds, hoy se realiz\u00f3 una asamblea en la farmacia de la obra social de las Fuerzas Armadas. Los trabajadores reclaman un suplemento salarial de 5000 pesos por fuera de la pauta, dado que se trata de uno de los sectores [&hellip;]<\/p>\n","protected":false},"author":1,"featured_media":19220,"comment_status":"open","ping_status":"open","sticky":false,"template":"","format":"standard","meta":{"_exactmetrics_skip_tracking":false,"_exactmetrics_sitenote_active":false,"_exactmetrics_sitenote_note":"","_exactmetrics_sitenote_category":0,"jnews-multi-image_gallery":[],"jnews_single_post":[],"jnews_primary_category":[],"jnews_social_meta":[],"jnews_review":[],"enable_review":"","type":"","name":"","summary":"","brand":"","sku":"","good":[],"bad":[],"score_override":"","override_value":"","rating":[],"price":[],"jnews_override_counter":[],"jnews_post_split":[],"footnotes":""},"categories":[99,18],"tags":[],"class_list":["post-6978","post","type-post","status-publish","format-standard","has-post-thumbnail","hentry","category-iose","category-nacionales"],"jetpack_featured_media_url":"https:\/\/atecordoba.org\/wp-content\/uploads\/2020\/05\/logo-nuevochico-e1561581322808.png","_links":{"self":[{"href":"https:\/\/atecordoba.org\/index.php?rest_route=\/wp\/v2\/posts\/6978","targetHints":{"allow":["GET"]}}],"collection":[{"href":"https:\/\/atecordoba.org\/index.php?rest_route=\/wp\/v2\/posts"}],"about":[{"href":"https:\/\/atecordoba.org\/index.php?rest_route=\/wp\/v2\/types\/post"}],"author":[{"embeddable":true,"href":"https:\/\/atecordoba.org\/index.php?rest_route=\/wp\/v2\/users\/1"}],"replies":[{"embeddable":true,"href":"https:\/\/atecordoba.org\/index.php?rest_route=%2Fwp%2Fv2%2Fcomments&post=6978"}],"version-history":[{"count":0,"href":"https:\/\/atecordoba.org\/index.php?rest_route=\/wp\/v2\/posts\/6978\/revisions"}],"wp:featuredmedia":[{"embeddable":true,"href":"https:\/\/atecordoba.org\/index.php?rest_route=\/wp\/v2\/media\/19220"}],"wp:attachment":[{"href":"https:\/\/atecordoba.org\/index.php?rest_route=%2Fwp%2Fv2%2Fmedia&parent=6978"}],"wp:term":[{"taxonomy":"category","embeddable":true,"href":"https:\/\/atecordoba.org\/index.php?rest_route=%2Fwp%2Fv2%2Fcategories&post=6978"},{"taxonomy":"post_tag","embeddable":true,"href":"https:\/\/atecordoba.org\/index.php?rest_route=%2Fwp%2Fv2%2Ftags&post=6978"}],"curies":[{"name":"wp","href":"https:\/\/api.w.org\/{rel}","templated":true}]}}