{"id":6976,"date":"2016-06-07T18:07:16","date_gmt":"2016-06-07T21:07:16","guid":{"rendered":"http:\/\/www.atecordoba.org\/?p=6976"},"modified":"2020-07-02T11:39:51","modified_gmt":"2020-07-02T14:39:51","slug":"trabajadores-de-la-anac-paralizaran-los-aeropuertos-del-pais-por-48-horas-a-partir-del-viernes","status":"publish","type":"post","link":"https:\/\/atecordoba.org\/?p=6976","title":{"rendered":"Trabajadores de la ANAC paralizar\u00e1n los aeropuertos del pa\u00eds por 48 horas a partir del viernes"},"content":{"rendered":"<p><em>En reclamo de un convenio colectivo y por el mantenimiento del r\u00e9gimen de estabilidad laboral, los trabajadores de la Administraci\u00f3n Nacional de Aviaci\u00f3n Civil realizar\u00e1n un paro total de actividades a partir del viernes y por 48 horas en m\u00e1s de 30 aeropuertos del pa\u00eds, incluido el aeropuerto internacional C\u00f3rdoba.<\/em><\/p>\n<p><img loading=\"lazy\" decoding=\"async\" class=\"aligncenter size-full wp-image-6878\" src=\"http:\/\/www.atecordoba.org\/wp-content\/uploads\/2016\/05\/anac-aeroparque-e1464029021405.jpg\" alt=\"anac-aeroparque\" width=\"550\" height=\"290\" \/><\/p>\n<p>En rechazo a un convenio colectivo realizado con la exclusi\u00f3n de ATE, gremio mayoritario en la representaci\u00f3n de los trabajadores de la aviaci\u00f3n civil, que flexibiliza y quita derechos en acuerdo con un gremio sin representaci\u00f3n real en el sector, los trabajadores realizar\u00e1n un paro de 48 horas a partir de las 6 de la ma\u00f1ana de viernes.<\/p>\n<p>Dicho convenio, suscrito a espaldas de la mayor\u00eda de trabajadores, somete a los compa\u00f1eros a la ley de contrato de trabajo en detrimento de la estabilidad laboral para los estatales que garantiza la constituci\u00f3n nacional y encubre la privatizaci\u00f3n de distintos sectores de la Administraci\u00f3n nacional de Aviaci\u00f3n Civil, a trav\u00e9s de la puesta en marcha de una empresa que se rige bajo las normas del derecho privado. Al mismo tiempo, en este marco, el gobierno deja de lado a los trabajadores en la discusi\u00f3n de la carrera administrativa.<\/p>\n<p>La coordinaci\u00f3n de ATE-ANAC viene reclamando la intervenci\u00f3n del Ministro de Transporte Guillermo Dietrich para destrabar el conflicto sin resultado\u00a0hasta el momento.<\/p>\n<p>Los reclamos de los trabajadores incluyen:<\/p>\n<p>-ning\u00fan aeropuerto bajo la \u00f3rbita del Ministerio de Defensa.<\/p>\n<p>-recomposici\u00f3n salarial (pago de acuerdos preexistentes, zona y rediscusi\u00f3n de suplementos)<\/p>\n<p>-Incorporaci\u00f3n de personal y pase a planta del personal contratado.<\/p>\n<p>-apertura de concursos para ocupar cargos directivos o de gesti\u00f3n.<\/p>\n<p>En consecuencia, los controladores a\u00e9reos realizar\u00e1n un paro total que afectar\u00e1 los vuelos comerciales de cabotaje e internacionales, con cancelaciones y demoras, s\u00f3lo garantiz\u00e1ndose la normalidad de las emergencias necesarias de los vuelos sanitarios y oficiales.<\/p>\n<p>&nbsp;<\/p>\n","protected":false},"excerpt":{"rendered":"<p>En reclamo de un convenio colectivo y por el mantenimiento del r\u00e9gimen de estabilidad laboral, los trabajadores de la Administraci\u00f3n Nacional de Aviaci\u00f3n Civil realizar\u00e1n un paro total de actividades a partir del viernes y por 48 horas en m\u00e1s de 30 aeropuertos del pa\u00eds, incluido el aeropuerto internacional C\u00f3rdoba. En rechazo a un convenio [&hellip;]<\/p>\n","protected":false},"author":1,"featured_media":19220,"comment_status":"open","ping_status":"open","sticky":false,"template":"","format":"standard","meta":{"_exactmetrics_skip_tracking":false,"_exactmetrics_sitenote_active":false,"_exactmetrics_sitenote_note":"","_exactmetrics_sitenote_category":0,"jnews-multi-image_gallery":[],"jnews_single_post":[],"jnews_primary_category":[],"jnews_social_meta":[],"jnews_review":[],"enable_review":"","type":"","name":"","summary":"","brand":"","sku":"","good":[],"bad":[],"score_override":"","override_value":"","rating":[],"price":[],"jnews_override_counter":[],"jnews_post_split":[],"footnotes":""},"categories":[18],"tags":[33,347],"class_list":["post-6976","post","type-post","status-publish","format-standard","has-post-thumbnail","hentry","category-nacionales","tag-anac","tag-movimiento-aeronautico-cordobes-mac"],"jetpack_featured_media_url":"https:\/\/atecordoba.org\/wp-content\/uploads\/2020\/05\/logo-nuevochico-e1561581322808.png","_links":{"self":[{"href":"https:\/\/atecordoba.org\/index.php?rest_route=\/wp\/v2\/posts\/6976","targetHints":{"allow":["GET"]}}],"collection":[{"href":"https:\/\/atecordoba.org\/index.php?rest_route=\/wp\/v2\/posts"}],"about":[{"href":"https:\/\/atecordoba.org\/index.php?rest_route=\/wp\/v2\/types\/post"}],"author":[{"embeddable":true,"href":"https:\/\/atecordoba.org\/index.php?rest_route=\/wp\/v2\/users\/1"}],"replies":[{"embeddable":true,"href":"https:\/\/atecordoba.org\/index.php?rest_route=%2Fwp%2Fv2%2Fcomments&post=6976"}],"version-history":[{"count":1,"href":"https:\/\/atecordoba.org\/index.php?rest_route=\/wp\/v2\/posts\/6976\/revisions"}],"predecessor-version":[{"id":20561,"href":"https:\/\/atecordoba.org\/index.php?rest_route=\/wp\/v2\/posts\/6976\/revisions\/20561"}],"wp:featuredmedia":[{"embeddable":true,"href":"https:\/\/atecordoba.org\/index.php?rest_route=\/wp\/v2\/media\/19220"}],"wp:attachment":[{"href":"https:\/\/atecordoba.org\/index.php?rest_route=%2Fwp%2Fv2%2Fmedia&parent=6976"}],"wp:term":[{"taxonomy":"category","embeddable":true,"href":"https:\/\/atecordoba.org\/index.php?rest_route=%2Fwp%2Fv2%2Fcategories&post=6976"},{"taxonomy":"post_tag","embeddable":true,"href":"https:\/\/atecordoba.org\/index.php?rest_route=%2Fwp%2Fv2%2Ftags&post=6976"}],"curies":[{"name":"wp","href":"https:\/\/api.w.org\/{rel}","templated":true}]}}