{"id":6972,"date":"2016-06-07T16:06:51","date_gmt":"2016-06-07T19:06:51","guid":{"rendered":"http:\/\/www.atecordoba.org\/?p=6972"},"modified":"2016-06-07T16:06:51","modified_gmt":"2016-06-07T19:06:51","slug":"reinstalan-otro-delegado-de-ate-en-san-carlos-minas","status":"publish","type":"post","link":"https:\/\/atecordoba.org\/?p=6972","title":{"rendered":"Reinstalan otro delegado de ATE en San Carlos minas"},"content":{"rendered":"<p><em>Delegado del municipio de San Carlos Minas fue reinstalado por la justicia en su lugar de trabajo luego que fuera trasladado\u00a0de manera\u00a0compulsiva por el intendente, sin respetar la tutelar sindical.<\/em><\/p>\n<p><img loading=\"lazy\" decoding=\"async\" class=\"aligncenter size-full wp-image-6973\" src=\"http:\/\/www.atecordoba.org\/wp-content\/uploads\/2016\/06\/delegado-san-carlos-minas-pedro-cebrero.jpg\" alt=\"delegado san carlos minas - pedro cebrero\" width=\"550\" height=\"308\" \/><\/p>\n<p>Pedro Cebrero es chofer asignado al cuerpo de intendencia y delegado de ATE desde el a\u00f1o pasado. El intendente Cristian Frias, empe\u00f1ado en una campa\u00f1a persecutoria contra la representaci\u00f3n gremial de los municipales de San Carlos Minas, lo\u00a0hab\u00eda trasladado por decreto al cementerio como barrendero en marzo pasado.<\/p>\n<p>Pero ahora un juez orden\u00f3 su reinstalaci\u00f3n en su lugar de trabajo para garantizar el derecho de sus compa\u00f1eros a contar con el delegado que hab\u00edan elegido.<\/p>\n<p>De esta manera la justicia dio otro cachetazo al intendente Frias, ya que anteriormente hab\u00eda ordenado la reinstalaci\u00f3n de otra delegada, la compa\u00f1era Ramona Murua, de la misma manera arbitraria e ilegal pero luego debi\u00f3 dar marcha atr\u00e1s con la medida.<\/p>\n<p>Estos fallos vienen a confirmar la legalidad de ATE en la municipalidad, contando con el respaldo de los compa\u00f1eros municipales. En San Carlos Minas ATE cuenta con el 70% de los trabajadores municipales afiliados, siendo el \u00fanico gremio con actuaci\u00f3n en el sector.<\/p>\n","protected":false},"excerpt":{"rendered":"<p>Delegado del municipio de San Carlos Minas fue reinstalado por la justicia en su lugar de trabajo luego que fuera trasladado\u00a0de manera\u00a0compulsiva por el intendente, sin respetar la tutelar sindical. Pedro Cebrero es chofer asignado al cuerpo de intendencia y delegado de ATE desde el a\u00f1o pasado. El intendente Cristian Frias, empe\u00f1ado en una campa\u00f1a [&hellip;]<\/p>\n","protected":false},"author":1,"featured_media":19220,"comment_status":"open","ping_status":"open","sticky":false,"template":"","format":"standard","meta":{"_exactmetrics_skip_tracking":false,"_exactmetrics_sitenote_active":false,"_exactmetrics_sitenote_note":"","_exactmetrics_sitenote_category":0,"jnews-multi-image_gallery":[],"jnews_single_post":[],"jnews_primary_category":[],"jnews_social_meta":[],"jnews_review":[],"enable_review":"","type":"","name":"","summary":"","brand":"","sku":"","good":[],"bad":[],"score_override":"","override_value":"","rating":[],"price":[],"jnews_override_counter":[],"jnews_post_split":[],"footnotes":""},"categories":[20],"tags":[],"class_list":["post-6972","post","type-post","status-publish","format-standard","has-post-thumbnail","hentry","category-municipales"],"jetpack_featured_media_url":"https:\/\/atecordoba.org\/wp-content\/uploads\/2020\/05\/logo-nuevochico-e1561581322808.png","_links":{"self":[{"href":"https:\/\/atecordoba.org\/index.php?rest_route=\/wp\/v2\/posts\/6972","targetHints":{"allow":["GET"]}}],"collection":[{"href":"https:\/\/atecordoba.org\/index.php?rest_route=\/wp\/v2\/posts"}],"about":[{"href":"https:\/\/atecordoba.org\/index.php?rest_route=\/wp\/v2\/types\/post"}],"author":[{"embeddable":true,"href":"https:\/\/atecordoba.org\/index.php?rest_route=\/wp\/v2\/users\/1"}],"replies":[{"embeddable":true,"href":"https:\/\/atecordoba.org\/index.php?rest_route=%2Fwp%2Fv2%2Fcomments&post=6972"}],"version-history":[{"count":0,"href":"https:\/\/atecordoba.org\/index.php?rest_route=\/wp\/v2\/posts\/6972\/revisions"}],"wp:featuredmedia":[{"embeddable":true,"href":"https:\/\/atecordoba.org\/index.php?rest_route=\/wp\/v2\/media\/19220"}],"wp:attachment":[{"href":"https:\/\/atecordoba.org\/index.php?rest_route=%2Fwp%2Fv2%2Fmedia&parent=6972"}],"wp:term":[{"taxonomy":"category","embeddable":true,"href":"https:\/\/atecordoba.org\/index.php?rest_route=%2Fwp%2Fv2%2Fcategories&post=6972"},{"taxonomy":"post_tag","embeddable":true,"href":"https:\/\/atecordoba.org\/index.php?rest_route=%2Fwp%2Fv2%2Ftags&post=6972"}],"curies":[{"name":"wp","href":"https:\/\/api.w.org\/{rel}","templated":true}]}}