{"id":6967,"date":"2016-06-07T15:21:57","date_gmt":"2016-06-07T18:21:57","guid":{"rendered":"http:\/\/www.atecordoba.org\/?p=6967"},"modified":"2016-06-07T15:21:57","modified_gmt":"2016-06-07T18:21:57","slug":"campana-de-concientizacion-sobre-el-derecho-de-la-salud-publica-en-el-neonatal","status":"publish","type":"post","link":"https:\/\/atecordoba.org\/?p=6967","title":{"rendered":"Campa\u00f1a de concientizaci\u00f3n sobre el derecho \u00a0de la salud p\u00fablica en el Neonatal"},"content":{"rendered":"<p><em>Los trabajadores del centro de salud provincial instalaron una carpa en el acceso del organismo para denunciar la pol\u00edtica oficial que afronta el sistema hospitalario provincial.<\/em><\/p>\n<p><img loading=\"lazy\" decoding=\"async\" class=\"aligncenter size-full wp-image-6968\" src=\"http:\/\/www.atecordoba.org\/wp-content\/uploads\/2016\/06\/WhatsApp-Image-20160607-7-e1465323634972.jpg\" alt=\"WhatsApp-Image-20160607 (7)\" width=\"550\" height=\"412\" \/><br \/>\nA los reclamos permanentes por mejoras salariales que los trabajadores vienen realizando desde febrero pasado, se suma el reclamo por la falta de personal en el sector de enfermer\u00eda. La situaci\u00f3n lleg\u00f3 a un punto tal que la propia directora del nosocomio, Liliana Asis, reconoci\u00f3 que faltan al menos 50 trabajadores en el servicio.<\/p>\n<p>Adem\u00e1s, los compa\u00f1eros demandan una recomposici\u00f3n salarial del 45%para compensar la escalada inflacionaria, mientras el gobierno otorg\u00f3 solo un 25%, acordado con el gremio oficial.<\/p>\n<p><img loading=\"lazy\" decoding=\"async\" class=\"aligncenter size-full wp-image-6969\" src=\"http:\/\/www.atecordoba.org\/wp-content\/uploads\/2016\/06\/WhatsApp-Image-20160607-8-e1465323652283.jpg\" alt=\"WhatsApp-Image-20160607 (8)\" width=\"550\" height=\"412\" \/><\/p>\n<p>\u201cVenimos realizando numerosas medidas de protesta sin que las autoridades den las respuestas necesarias para solucionar los diversos problemas que ATE est\u00e1 planteando hace tiempo. Hicimos movilizaciones, cortes de calle en el ingreso, sentadas y paros, pero las autoridades son insensibles y el servicio decae notoriamente cada d\u00eda m\u00e1s\u201d, afirm\u00f3 Diego Ch\u00e1vez, delegados en el Hospital.<\/p>\n<p>\u201cLa falta de personal se expresa en que cada internado cuenta con dos enfermeras, pero adem\u00e1s las mamas acompa\u00f1an a los beb\u00e9s por lo que en realidad son 48 pacientes cada dos trabajadoras. Esto sobrecarga la tarea de las compa\u00f1eras y no permite realizar el servicio que los pacientes se merecen. La situaci\u00f3n se agrava por la \u00e9poca del a\u00f1o con el aumento de las enfermedades respiratorias\u201d, agreg\u00f3 Ch\u00e1vez.<\/p>\n<p><img loading=\"lazy\" decoding=\"async\" class=\"aligncenter size-full wp-image-6970\" src=\"http:\/\/www.atecordoba.org\/wp-content\/uploads\/2016\/06\/WhatsApp-Image-20160607-6-e1465323675721.jpg\" alt=\"WhatsApp-Image-20160607 (6)\" width=\"550\" height=\"412\" \/><\/p>\n<p>Para esta semana continuar\u00e1n las asambleas de tres horas por turno, en tanto la semana que viene se extender\u00e1 las protestas.<\/p>\n","protected":false},"excerpt":{"rendered":"<p>Los trabajadores del centro de salud provincial instalaron una carpa en el acceso del organismo para denunciar la pol\u00edtica oficial que afronta el sistema hospitalario provincial. A los reclamos permanentes por mejoras salariales que los trabajadores vienen realizando desde febrero pasado, se suma el reclamo por la falta de personal en el sector de enfermer\u00eda. [&hellip;]<\/p>\n","protected":false},"author":1,"featured_media":19220,"comment_status":"open","ping_status":"open","sticky":false,"template":"","format":"standard","meta":{"_exactmetrics_skip_tracking":false,"_exactmetrics_sitenote_active":false,"_exactmetrics_sitenote_note":"","_exactmetrics_sitenote_category":0,"jnews-multi-image_gallery":[],"jnews_single_post":[],"jnews_primary_category":[],"jnews_social_meta":[],"jnews_review":[],"enable_review":"","type":"","name":"","summary":"","brand":"","sku":"","good":[],"bad":[],"score_override":"","override_value":"","rating":[],"price":[],"jnews_override_counter":[],"jnews_post_split":[],"footnotes":""},"categories":[7,8],"tags":[],"class_list":["post-6967","post","type-post","status-publish","format-standard","has-post-thumbnail","hentry","category-hospitales","category-provinciales"],"jetpack_featured_media_url":"https:\/\/atecordoba.org\/wp-content\/uploads\/2020\/05\/logo-nuevochico-e1561581322808.png","_links":{"self":[{"href":"https:\/\/atecordoba.org\/index.php?rest_route=\/wp\/v2\/posts\/6967","targetHints":{"allow":["GET"]}}],"collection":[{"href":"https:\/\/atecordoba.org\/index.php?rest_route=\/wp\/v2\/posts"}],"about":[{"href":"https:\/\/atecordoba.org\/index.php?rest_route=\/wp\/v2\/types\/post"}],"author":[{"embeddable":true,"href":"https:\/\/atecordoba.org\/index.php?rest_route=\/wp\/v2\/users\/1"}],"replies":[{"embeddable":true,"href":"https:\/\/atecordoba.org\/index.php?rest_route=%2Fwp%2Fv2%2Fcomments&post=6967"}],"version-history":[{"count":0,"href":"https:\/\/atecordoba.org\/index.php?rest_route=\/wp\/v2\/posts\/6967\/revisions"}],"wp:featuredmedia":[{"embeddable":true,"href":"https:\/\/atecordoba.org\/index.php?rest_route=\/wp\/v2\/media\/19220"}],"wp:attachment":[{"href":"https:\/\/atecordoba.org\/index.php?rest_route=%2Fwp%2Fv2%2Fmedia&parent=6967"}],"wp:term":[{"taxonomy":"category","embeddable":true,"href":"https:\/\/atecordoba.org\/index.php?rest_route=%2Fwp%2Fv2%2Fcategories&post=6967"},{"taxonomy":"post_tag","embeddable":true,"href":"https:\/\/atecordoba.org\/index.php?rest_route=%2Fwp%2Fv2%2Ftags&post=6967"}],"curies":[{"name":"wp","href":"https:\/\/api.w.org\/{rel}","templated":true}]}}