{"id":6964,"date":"2016-06-06T18:42:24","date_gmt":"2016-06-06T21:42:24","guid":{"rendered":"http:\/\/www.atecordoba.org\/?p=6964"},"modified":"2020-08-10T11:02:26","modified_gmt":"2020-08-10T14:02:26","slug":"pami-con-un-36-de-aumento-los-trabajadores-perforaron-el-techo-salarial","status":"publish","type":"post","link":"https:\/\/atecordoba.org\/?p=6964","title":{"rendered":"PAMI: con un 36% de aumento, los trabajadores perforaron el techo salarial"},"content":{"rendered":"<p><em>Pese al cerco que ha intentado imponer el gobierno nacional, los estatales de la obra social de jubilados lograron un promisorio acuerdo paritario. Incluye un 32,5% de incremento a saldar con el sueldo de agosto y una suma fija de $980 con el de septiembre. Adem\u00e1s, entre octubre y noviembre percibir\u00e1n por \u00fanica vez el adelanto de 3 mil pesos de un cuarto de aguinaldo, cuyo resto cobrar\u00e1n en enero. Un ingresante pasar\u00e1 a ganar no menos de $20 mil pesos. El acta habilita la reapertura de las negociaciones.<\/em><\/p>\n<figure id=\"attachment_6965\" aria-describedby=\"caption-attachment-6965\" style=\"width: 550px\" class=\"wp-caption aligncenter\"><img loading=\"lazy\" decoding=\"async\" class=\"wp-image-6965 size-full\" src=\"http:\/\/www.atecordoba.org\/wp-content\/uploads\/2016\/06\/godoy-pami-e1465249241683.jpg\" alt=\"godoy - pami\" width=\"550\" height=\"366\" \/><figcaption id=\"caption-attachment-6965\" class=\"wp-caption-text\">ATE y funcionarios de PAMI, durante la apertura de la paritaria en abril<\/figcaption><\/figure>\n<p><span style=\"font-style: inherit; font-weight: inherit;\">La puja distributiva abierta el 21 de abril pasado en el Instituto Nacional de Servicios Sociales para Jubilados y Pensionados (PAMI) se cerr\u00f3 con la firma de los tres sindicatos signatarios en el convenio colectivo, entre ellos ATE.<\/span><\/p>\n<p><span style=\"font-style: inherit; font-weight: inherit;\"><span style=\"font-style: inherit; font-weight: inherit;\">Por un lado, los trabajadores lograron un 32,5% de aumento salarial en tres partes: 10% a cobrar con los haberes de junio, 11% con los de julio y 11,5% con los de agosto. Con los de septiembre, adem\u00e1s, recibir\u00e1n $980.<\/span><\/span><\/p>\n<p><span style=\"font-style: inherit; font-weight: inherit;\"><span style=\"font-style: inherit; font-weight: inherit;\">Asimismo las partes acordaron un adicional, mediante el pago por \u00fanica vez de un cuarto de aguinaldo. Entre fin de octubre y noviembre, los estatales cobrar\u00e1n un adelanto de $3000 que ser\u00e1 complementado el 10 de enero pr\u00f3ximo, en reconocimiento al d\u00eda del trabajador de PAMI (13 de noviembre).<\/span><\/span><\/p>\n<p><span style=\"font-style: inherit; font-weight: inherit;\"><span style=\"font-style: inherit; font-weight: inherit;\">Este \u00faltimo concepto sienta un precedente que los empleados intentar\u00e1n mantener todos los a\u00f1os, confi\u00f3 a El trabajador del Estado Ram\u00f3n Far\u00edas, delegado general de ATE en la ciudad de Buenos Aires.<\/span><\/span><\/p>\n<p><span style=\"font-style: inherit; font-weight: inherit;\"><span style=\"font-style: inherit; font-weight: inherit;\">\u201cSi bien no tenemos todav\u00eda precisi\u00f3n en el porcentaje de aumento global, ning\u00fan trabajador obtendr\u00e1 menos de un 36% ni un ingresante cobrar\u00e1 por debajo de los 20 mil pesos\u201d, confirm\u00f3 Far\u00edas. De acuerdo a otros delegados, el porcentaje de incremento podr\u00eda alcanzar el 39,5%.<\/span><\/span><\/p>\n<p><span style=\"font-style: inherit; font-weight: inherit;\"><span style=\"font-style: inherit; font-weight: inherit;\">Por otro lado, el acta suscrita entre la patronal y los estatales incorpora un \u201ccl\u00e1usula gatillo\u201d: si la evoluci\u00f3n de la inflaci\u00f3n supera los porcentajes previstos, de inmediato deber\u00eda constituirse una mesa de negociaci\u00f3n paritaria.<\/span><\/span><\/p>\n<p><span style=\"font-style: inherit; font-weight: inherit;\"><span style=\"font-style: inherit; font-weight: inherit;\">&#8220;Nos parece muy importante la garant\u00eda que significa la posibilidad de revisar el impacto de la inflaci\u00f3n y la posibilidad de reabrir la discusi\u00f3n, si es que se producen cambios dr\u00e1sticos en la econom\u00eda del pa\u00eds&#8221;, opin\u00f3 Rodrigo Vicente, coordinador de trabajadores de ATE en la provincia de R\u00edo Negro del Estado nacional.<\/span><\/span><\/p>\n<p><span style=\"font-style: inherit; font-weight: inherit;\"><span style=\"font-style: inherit; font-weight: inherit;\">&#8220;Estamos muy conformes con la firma de este acuerdo, ya que contempla las demandas que se expresaban en todas las asambleas. Hemos logrado pasar el tope salarial que pretend\u00eda imponer el gobierno&#8221;, a\u00f1adi\u00f3 Vicente.<\/span><\/span><\/p>\n<p><span style=\"font-style: inherit; font-weight: inherit;\"><span style=\"font-style: inherit; font-weight: inherit;\">En un mismo sentido se expres\u00f3 Ram\u00f3n Far\u00edas, quien valor\u00f3 tambi\u00e9n la inexistencia de despidos y el cumplimiento del cronograma de pases a planta permanente, alcanzado el 2 de diciembre pasado con la gesti\u00f3n anterior. Hasta ahora se han incorporado 390 trabajadores. Quedan otros 150.<\/span><span style=\"font-style: inherit; font-weight: inherit;\">\u00a0<\/span><\/span><\/p>\n","protected":false},"excerpt":{"rendered":"<p>Pese al cerco que ha intentado imponer el gobierno nacional, los estatales de la obra social de jubilados lograron un promisorio acuerdo paritario. Incluye un 32,5% de incremento a saldar con el sueldo de agosto y una suma fija de $980 con el de septiembre. Adem\u00e1s, entre octubre y noviembre percibir\u00e1n por \u00fanica vez el [&hellip;]<\/p>\n","protected":false},"author":1,"featured_media":19220,"comment_status":"open","ping_status":"open","sticky":false,"template":"","format":"standard","meta":{"_exactmetrics_skip_tracking":false,"_exactmetrics_sitenote_active":false,"_exactmetrics_sitenote_note":"","_exactmetrics_sitenote_category":0,"jnews-multi-image_gallery":[],"jnews_single_post":[],"jnews_primary_category":[],"jnews_social_meta":[],"jnews_review":[],"enable_review":"","type":"","name":"","summary":"","brand":"","sku":"","good":[],"bad":[],"score_override":"","override_value":"","rating":[],"price":[],"jnews_override_counter":[],"jnews_post_split":[],"footnotes":""},"categories":[18],"tags":[],"class_list":["post-6964","post","type-post","status-publish","format-standard","has-post-thumbnail","hentry","category-nacionales"],"jetpack_featured_media_url":"https:\/\/atecordoba.org\/wp-content\/uploads\/2020\/05\/logo-nuevochico-e1561581322808.png","_links":{"self":[{"href":"https:\/\/atecordoba.org\/index.php?rest_route=\/wp\/v2\/posts\/6964","targetHints":{"allow":["GET"]}}],"collection":[{"href":"https:\/\/atecordoba.org\/index.php?rest_route=\/wp\/v2\/posts"}],"about":[{"href":"https:\/\/atecordoba.org\/index.php?rest_route=\/wp\/v2\/types\/post"}],"author":[{"embeddable":true,"href":"https:\/\/atecordoba.org\/index.php?rest_route=\/wp\/v2\/users\/1"}],"replies":[{"embeddable":true,"href":"https:\/\/atecordoba.org\/index.php?rest_route=%2Fwp%2Fv2%2Fcomments&post=6964"}],"version-history":[{"count":1,"href":"https:\/\/atecordoba.org\/index.php?rest_route=\/wp\/v2\/posts\/6964\/revisions"}],"predecessor-version":[{"id":21138,"href":"https:\/\/atecordoba.org\/index.php?rest_route=\/wp\/v2\/posts\/6964\/revisions\/21138"}],"wp:featuredmedia":[{"embeddable":true,"href":"https:\/\/atecordoba.org\/index.php?rest_route=\/wp\/v2\/media\/19220"}],"wp:attachment":[{"href":"https:\/\/atecordoba.org\/index.php?rest_route=%2Fwp%2Fv2%2Fmedia&parent=6964"}],"wp:term":[{"taxonomy":"category","embeddable":true,"href":"https:\/\/atecordoba.org\/index.php?rest_route=%2Fwp%2Fv2%2Fcategories&post=6964"},{"taxonomy":"post_tag","embeddable":true,"href":"https:\/\/atecordoba.org\/index.php?rest_route=%2Fwp%2Fv2%2Ftags&post=6964"}],"curies":[{"name":"wp","href":"https:\/\/api.w.org\/{rel}","templated":true}]}}