{"id":6961,"date":"2016-06-03T16:32:23","date_gmt":"2016-06-03T19:32:23","guid":{"rendered":"http:\/\/www.atecordoba.org\/?p=6961"},"modified":"2016-06-03T16:32:23","modified_gmt":"2016-06-03T19:32:23","slug":"ate-convocara-a-un-referendum-para-los-estatales","status":"publish","type":"post","link":"https:\/\/atecordoba.org\/?p=6961","title":{"rendered":"ATE convocar\u00e1 a un refer\u00e9ndum para los estatales"},"content":{"rendered":"<p><em>Lo anunci\u00f3 en C\u00f3rdoba el secretario General de ATE nacional durante su visita a R\u00edo Cuarto esta semana.\u00a0Del 28 al 30 de junio los trabajadores del Estado podr\u00e1n expresarse mediante el voto a favor o en contra de paritarias libres, aumento salarial del 45%, reincorporaci\u00f3n de despedidos y pase a planta para los empleados precarizados. La consulta popular dada a conocer durante el \u00faltimo paro general, est\u00e1 orientada a deslegitimar el acuerdo entre el gobierno nacional y UPCN.<\/em><\/p>\n<p><img loading=\"lazy\" decoding=\"async\" class=\"aligncenter size-full wp-image-6962\" src=\"http:\/\/www.atecordoba.org\/wp-content\/uploads\/2016\/06\/godoy-en-rio-cuarto-e1464982320516.jpg\" alt=\"godoy en rio cuarto\" width=\"550\" height=\"368\" \/><\/p>\n<p><span style=\"font-style: inherit; font-weight: inherit;\">En menos de 24 horas despu\u00e9s del d\u00eda del trabajador del Estado, los empleados p\u00fablicos de todo el pa\u00eds podr\u00e1n volcar en una urna dispuesta en su organismo la opini\u00f3n en relaci\u00f3n al acuerdo paritario entre el gobierno nacional y UPCN.<\/span><\/p>\n<p><span style=\"font-style: inherit; font-weight: inherit;\"><span style=\"font-style: inherit; font-weight: inherit;\">\u201cEl gobierno nacional clausur\u00f3 la paritaria con ATE sin habilitarnos a debatir los pases a planta permanente de trabajadores precarizados y la reincorporaci\u00f3n de los estatales despedidos. Eligi\u00f3 para ello un c\u00f3mplice, expresi\u00f3n de un modelo sindical que incluso, le dio luz verde a la continuidad de los despidos como forma de extorsi\u00f3n permanente\u201d, dijo el Secretario General de ATE, durante un plenario en la sede seccional de R\u00edo Cuarto.<\/span><\/span><\/p>\n<p><span style=\"font-style: inherit; font-weight: inherit;\"><span style=\"font-style: inherit; font-weight: inherit;\">\u201cHemos logrado romper el intento de aislarnos de la sociedad: Contamos con la adhesi\u00f3n de gran parte de poblaci\u00f3n, que incluso vot\u00f3 al gobierno. Pero necesitamos crecer en el consenso social\u201d, agreg\u00f3.<\/span><\/span><\/p>\n<p><span style=\"font-style: inherit; font-weight: inherit;\"><span style=\"font-style: inherit; font-weight: inherit;\">Godoy alent\u00f3 por \u00faltimo la consulta entre los trabajadores provinciales y municipales, en cuyas administraciones est\u00e1n presentes tambi\u00e9n sindicatos oficialistas, sostuvo.<\/span><\/span><\/p>\n<p><span style=\"font-style: inherit; font-weight: inherit;\"><span style=\"font-style: inherit; font-weight: inherit;\">El dirigente nacional Leonardo V\u00e1zquez, presente en el encuentro, manifest\u00f3 que la consulta popular est\u00e1 orientada a todos los estatales \u201cindependientemente del sindicato en que est\u00e9n organizados. As\u00ed fue nuestra pol\u00edtica hacia los despedidos: organizar a los trabajadores cualquiera fuese su afiliaci\u00f3n sindical o identidad partidaria o ideol\u00f3gica\u201d.<\/span><\/span><\/p>\n<p><span style=\"font-style: inherit; font-weight: inherit;\"><span style=\"font-style: inherit; font-weight: inherit;\">Durante la reuni\u00f3n estaba presente la Secretaria General del Consejo provincial de ATE, Liliana Salerno; el Secretario de Acci\u00f3n Pol\u00edtica, Federico Giuliani; el Secretario General de la seccional, Walter \u00c1valos; y la Secretaria nacional de Formaci\u00f3n, Teresa Romero, antigua titular del sindicato cordob\u00e9s.<\/span><\/span><\/p>\n<p><span style=\"font-style: inherit; font-weight: inherit;\"><span style=\"font-style: inherit; font-weight: inherit;\">\u201cEn tiempos dif\u00edciles como \u00e9stos, hay que estar organizados, en unidad, con claridad de saber de qu\u00e9 lado hay que estar. No podemos permitir que nos cambien estabilidad por aumento salarial\u201d, expres\u00f3 Teresa Romero.<\/span><\/span><\/p>\n<p><span style=\"font-style: inherit; font-weight: inherit;\"><span style=\"font-style: inherit; font-weight: inherit;\">\u201cDurante la \u00faltima movilizaci\u00f3n de las centrales, se congregaron 350 mil personas en la calle. Debemos forjar esa unidad, sin duda, pero con dirigentes que faciliten la participaci\u00f3n de todos nosotros. No con aquellos que deciden solos\u201d, apunt\u00f3. \u00a0\u00a0\u00a0<\/span><\/span><\/p>\n","protected":false},"excerpt":{"rendered":"<p>Lo anunci\u00f3 en C\u00f3rdoba el secretario General de ATE nacional durante su visita a R\u00edo Cuarto esta semana.\u00a0Del 28 al 30 de junio los trabajadores del Estado podr\u00e1n expresarse mediante el voto a favor o en contra de paritarias libres, aumento salarial del 45%, reincorporaci\u00f3n de despedidos y pase a planta para los empleados precarizados. [&hellip;]<\/p>\n","protected":false},"author":1,"featured_media":19220,"comment_status":"open","ping_status":"open","sticky":false,"template":"","format":"standard","meta":{"_exactmetrics_skip_tracking":false,"_exactmetrics_sitenote_active":false,"_exactmetrics_sitenote_note":"","_exactmetrics_sitenote_category":0,"jnews-multi-image_gallery":[],"jnews_single_post":[],"jnews_primary_category":[],"jnews_social_meta":[],"jnews_review":[],"enable_review":"","type":"","name":"","summary":"","brand":"","sku":"","good":[],"bad":[],"score_override":"","override_value":"","rating":[],"price":[],"jnews_override_counter":[],"jnews_post_split":[],"footnotes":""},"categories":[18],"tags":[],"class_list":["post-6961","post","type-post","status-publish","format-standard","has-post-thumbnail","hentry","category-nacionales"],"jetpack_featured_media_url":"https:\/\/atecordoba.org\/wp-content\/uploads\/2020\/05\/logo-nuevochico-e1561581322808.png","_links":{"self":[{"href":"https:\/\/atecordoba.org\/index.php?rest_route=\/wp\/v2\/posts\/6961","targetHints":{"allow":["GET"]}}],"collection":[{"href":"https:\/\/atecordoba.org\/index.php?rest_route=\/wp\/v2\/posts"}],"about":[{"href":"https:\/\/atecordoba.org\/index.php?rest_route=\/wp\/v2\/types\/post"}],"author":[{"embeddable":true,"href":"https:\/\/atecordoba.org\/index.php?rest_route=\/wp\/v2\/users\/1"}],"replies":[{"embeddable":true,"href":"https:\/\/atecordoba.org\/index.php?rest_route=%2Fwp%2Fv2%2Fcomments&post=6961"}],"version-history":[{"count":0,"href":"https:\/\/atecordoba.org\/index.php?rest_route=\/wp\/v2\/posts\/6961\/revisions"}],"wp:featuredmedia":[{"embeddable":true,"href":"https:\/\/atecordoba.org\/index.php?rest_route=\/wp\/v2\/media\/19220"}],"wp:attachment":[{"href":"https:\/\/atecordoba.org\/index.php?rest_route=%2Fwp%2Fv2%2Fmedia&parent=6961"}],"wp:term":[{"taxonomy":"category","embeddable":true,"href":"https:\/\/atecordoba.org\/index.php?rest_route=%2Fwp%2Fv2%2Fcategories&post=6961"},{"taxonomy":"post_tag","embeddable":true,"href":"https:\/\/atecordoba.org\/index.php?rest_route=%2Fwp%2Fv2%2Ftags&post=6961"}],"curies":[{"name":"wp","href":"https:\/\/api.w.org\/{rel}","templated":true}]}}