{"id":6937,"date":"2016-05-31T18:12:24","date_gmt":"2016-05-31T21:12:24","guid":{"rendered":"http:\/\/www.atecordoba.org\/?p=6937"},"modified":"2016-05-31T18:12:24","modified_gmt":"2016-05-31T21:12:24","slug":"conflicto-por-despidos-en-la-unc","status":"publish","type":"post","link":"https:\/\/atecordoba.org\/?p=6937","title":{"rendered":"Conflicto por despidos en la UNC"},"content":{"rendered":"<p><em>Por el despido de cuatro trabajadores de la Subsecretaria de Planeamiento F\u00edsico se desat\u00f3 hoy un conflicto que lleg\u00f3 a los compa\u00f1eros a realizar una protesta frente al organismo. ATE en estado de alerta y movilizaci\u00f3n.<\/em><\/p>\n<p><img loading=\"lazy\" decoding=\"async\" class=\"aligncenter  wp-image-6938\" src=\"http:\/\/www.atecordoba.org\/wp-content\/uploads\/2016\/05\/WhatsApp-Image-20160531-2-e1464728999392.jpg\" alt=\"WhatsApp-Image-20160531 (2)\" width=\"308\" height=\"548\" \/><\/p>\n<p>Con\u00a0el vencimiento de los contratos de los no docentes precarizados, los compa\u00f1eros de la Subsecretar\u00eda de Planeamiento F\u00edsico de la UNC supieron hoy que cuatro trabajadores fueron despedidos, en tanto otros tres obtuvieron una pr\u00f3rroga de sus contratos por solo dos meses.<\/p>\n<p>Inmediatamente los trabajadores convocaron a una asamblea donde resolvieron realizar una protesta frente al organismo, dependiente del \u00e1rea central de la casa de estudios.<\/p>\n<p><img loading=\"lazy\" decoding=\"async\" class=\"aligncenter size-full wp-image-6939\" src=\"http:\/\/www.atecordoba.org\/wp-content\/uploads\/2016\/05\/WhatsApp-Image-20160531-1-e1464729039649.jpg\" alt=\"WhatsApp-Image-20160531 (1)\" width=\"550\" height=\"413\" \/><\/p>\n<p>Posteriormente, los trabajadores mantuvieron una reuni\u00f3n con los funcionarios a cargo que no dieron respuesta alguna al pedido de reincorporaci\u00f3n de los despedidos. En total ya se contabilizan alrededor de 20 despidos en distintas\u00a0dependencias del \u00e1rea central de la UNC.<\/p>\n<p><img loading=\"lazy\" decoding=\"async\" class=\"aligncenter size-full wp-image-6940\" src=\"http:\/\/www.atecordoba.org\/wp-content\/uploads\/2016\/05\/WhatsApp-Image-20160531-3-e1464729117272.jpg\" alt=\"WhatsApp-Image-20160531 (3)\" width=\"413\" height=\"550\" \/><\/p>\n<p>En ese marco, el prosecretario Gremial de ATE, Francisco Pavan expres\u00f3 el repudio a los despidos e inst\u00f3 al rectorado a garantizar las fuentes de trabajo &#8220;para avanzar\u00a0en un proceso de normalizaci\u00f3n para pasar a planta permanente a todos los compa\u00f1eros precarizados&#8221;. &#8220;ATE se encuentra en \u00a0estado de\u00a0alerta y movilizaci\u00f3n y evaluamos una medida de fuerza de no revertirse la situaci\u00f3n. En algunos casos los compa\u00f1eros despedidos tienen m\u00e1s de 13 a\u00f1o de antig\u00fcedad en el cargo, lo que expresa el grado de precarizaci\u00f3n que sufren los no docentes&#8221;, concluy\u00f3.<\/p>\n","protected":false},"excerpt":{"rendered":"<p>Por el despido de cuatro trabajadores de la Subsecretaria de Planeamiento F\u00edsico se desat\u00f3 hoy un conflicto que lleg\u00f3 a los compa\u00f1eros a realizar una protesta frente al organismo. ATE en estado de alerta y movilizaci\u00f3n. Con\u00a0el vencimiento de los contratos de los no docentes precarizados, los compa\u00f1eros de la Subsecretar\u00eda de Planeamiento F\u00edsico de [&hellip;]<\/p>\n","protected":false},"author":1,"featured_media":19220,"comment_status":"open","ping_status":"open","sticky":false,"template":"","format":"standard","meta":{"_exactmetrics_skip_tracking":false,"_exactmetrics_sitenote_active":false,"_exactmetrics_sitenote_note":"","_exactmetrics_sitenote_category":0,"jnews-multi-image_gallery":[],"jnews_single_post":[],"jnews_primary_category":[],"jnews_social_meta":[],"jnews_review":[],"enable_review":"","type":"","name":"","summary":"","brand":"","sku":"","good":[],"bad":[],"score_override":"","override_value":"","rating":[],"price":[],"jnews_override_counter":[],"jnews_post_split":[],"footnotes":""},"categories":[18,89],"tags":[],"class_list":["post-6937","post","type-post","status-publish","format-standard","has-post-thumbnail","hentry","category-nacionales","category-unc"],"jetpack_featured_media_url":"https:\/\/atecordoba.org\/wp-content\/uploads\/2020\/05\/logo-nuevochico-e1561581322808.png","_links":{"self":[{"href":"https:\/\/atecordoba.org\/index.php?rest_route=\/wp\/v2\/posts\/6937","targetHints":{"allow":["GET"]}}],"collection":[{"href":"https:\/\/atecordoba.org\/index.php?rest_route=\/wp\/v2\/posts"}],"about":[{"href":"https:\/\/atecordoba.org\/index.php?rest_route=\/wp\/v2\/types\/post"}],"author":[{"embeddable":true,"href":"https:\/\/atecordoba.org\/index.php?rest_route=\/wp\/v2\/users\/1"}],"replies":[{"embeddable":true,"href":"https:\/\/atecordoba.org\/index.php?rest_route=%2Fwp%2Fv2%2Fcomments&post=6937"}],"version-history":[{"count":0,"href":"https:\/\/atecordoba.org\/index.php?rest_route=\/wp\/v2\/posts\/6937\/revisions"}],"wp:featuredmedia":[{"embeddable":true,"href":"https:\/\/atecordoba.org\/index.php?rest_route=\/wp\/v2\/media\/19220"}],"wp:attachment":[{"href":"https:\/\/atecordoba.org\/index.php?rest_route=%2Fwp%2Fv2%2Fmedia&parent=6937"}],"wp:term":[{"taxonomy":"category","embeddable":true,"href":"https:\/\/atecordoba.org\/index.php?rest_route=%2Fwp%2Fv2%2Fcategories&post=6937"},{"taxonomy":"post_tag","embeddable":true,"href":"https:\/\/atecordoba.org\/index.php?rest_route=%2Fwp%2Fv2%2Ftags&post=6937"}],"curies":[{"name":"wp","href":"https:\/\/api.w.org\/{rel}","templated":true}]}}