{"id":6936,"date":"2016-06-01T14:59:16","date_gmt":"2016-06-01T17:59:16","guid":{"rendered":"http:\/\/www.atecordoba.org\/?p=6936"},"modified":"2016-06-01T14:59:16","modified_gmt":"2016-06-01T17:59:16","slug":"contra-el-vaciamiento-de-fabricaciones-militares-ate-marcho-hoy-en-villa-maria","status":"publish","type":"post","link":"https:\/\/atecordoba.org\/?p=6936","title":{"rendered":"Contra el vaciamiento de Fabricaciones Militares ATE march\u00f3 en Villa Mar\u00eda"},"content":{"rendered":"<p><em>Con la presencia del secretario General de ATE, Hugo Godoy, ATE march\u00f3 hoy por el centro de Villa Mar\u00eda para reclamar la reactivaci\u00f3n de la F\u00e1brica Militar de P\u00f3lvora y Explosivos, que actualmente trabaja al 10% de su capacidad.<\/em><\/p>\n<p><img loading=\"lazy\" decoding=\"async\" class=\"aligncenter size-full wp-image-6956\" src=\"http:\/\/www.atecordoba.org\/wp-content\/uploads\/2016\/06\/marcha-1-e1464808260375.jpg\" alt=\"marcha 1\" width=\"550\" height=\"379\" \/><\/p>\n<p>&nbsp;<\/p>\n<p>La movilizaci\u00f3n fue el cierre de dos jornadas de presencia p\u00fablica de ATE en la ciudad con la instalaci\u00f3n de una carpa en la plaza principal para dar a conocer la grave situaci\u00f3n que enfrentan los trabajadores de FFMM debido al proceso de vaciamiento que nuestro gremio viene denunciando desde que se inici\u00f3 la nueva gesti\u00f3n de gobierno nacional.<\/p>\n<p><img loading=\"lazy\" decoding=\"async\" class=\"aligncenter size-full wp-image-6958\" src=\"http:\/\/www.atecordoba.org\/wp-content\/uploads\/2016\/06\/palco-e1464808304758.jpg\" alt=\"palco\" width=\"550\" height=\"378\" \/><\/p>\n<p>&nbsp;<\/p>\n<p>Encabezada por el secretario General de la seccional, Fernando Mercado, la movilizaci\u00f3n convoc\u00f3 a compa\u00f1eros de ATE de las f\u00e1bricas militares de Azul y Fray Luis Beltran, as\u00ed como compa\u00f1eros de ATE de C\u00f3rdoba capital, Unquillo, Jes\u00fas Mar\u00eda, San Carlos Minas, Cruz del Eje, de la ANAC y la Secretaria de Agricultura Familiar.<\/p>\n<p><img loading=\"lazy\" decoding=\"async\" class=\"aligncenter size-full wp-image-6945\" src=\"http:\/\/www.atecordoba.org\/wp-content\/uploads\/2016\/06\/WhatsApp-Image-20160531-3-e1464803618178.jpg\" alt=\"WhatsApp-Image-20160531 (3)\" width=\"550\" height=\"309\" \/><\/p>\n<p>En la oportunidad, estuvo presente la secretaria General del Consejo Directivo Provincial, Mar\u00eda Liliana Salerno, el secretario General de Consejo Directivo Nacional, Hugo Godoy, la secretaria de Formaci\u00f3n Nacional, Mar\u00eda Teresa Romero, el secretario Adjunto del CDP, Luis Barcena, el secretario General de ATE R\u00edo Cuarto, Walter Avalos, el secretario General de ATE R\u00edo Tercero, Cristian Colman, \u00a0y el hist\u00f3rico dirigente de ATE de Villa Mar\u00eda, Oscar Cacho Mengarelli.<\/p>\n<p><img loading=\"lazy\" decoding=\"async\" class=\"aligncenter size-full wp-image-6946\" src=\"http:\/\/www.atecordoba.org\/wp-content\/uploads\/2016\/06\/WhatsApp-Image-20160531-2-e1464803647577.jpg\" alt=\"WhatsApp-Image-20160531 (2)\" width=\"550\" height=\"309\" \/><\/p>\n<p>\u201cEl 2 de mayo decidimos en asamblea conmemorar los 79 a\u00f1os de creaci\u00f3n de la F\u00e1brica Militar Villa Mar\u00eda en las calles, pero con una distinci\u00f3n al resto de los a\u00f1os anteriores: que esta vez a la celebraci\u00f3n la \u00edbamos a organizar los que somos protagonistas diariamente del trabajo, es decir, los trabajadores unidos en ATE\u201d, expres\u00f3 Gorozo desde el escenario que se mont\u00f3 en la esquina de las calles Buenos Aires y General Paz.<\/p>\n<p><img loading=\"lazy\" decoding=\"async\" class=\"aligncenter size-full wp-image-6948\" src=\"http:\/\/www.atecordoba.org\/wp-content\/uploads\/2016\/06\/WhatsApp-Image-20160531-6-e1464803707370.jpg\" alt=\"WhatsApp-Image-20160531 (6)\" width=\"550\" height=\"309\" \/><\/p>\n<p>\u201cPor eso hoy recordamos a los compa\u00f1eros fallecidos en accidentes de trabajo y a los que perdieron la vida en otras f\u00e1bricas militares, porque cuando hablan de \u00f1oquis dejan olvidados a todos aquellos que sufrieron problemas trabajando y a aquellos que nos dejaron para siempre\u201d, remarc\u00f3 el secretario General de la CTA villamariense.<\/p>\n<p><img loading=\"lazy\" decoding=\"async\" class=\"aligncenter size-full wp-image-6949\" src=\"http:\/\/www.atecordoba.org\/wp-content\/uploads\/2016\/06\/WhatsApp-Image-20160531-7-e1464803735524.jpg\" alt=\"WhatsApp-Image-20160531 (7)\" width=\"550\" height=\"309\" \/><\/p>\n<p>\u201cPosteriormente, fuimos a homenajear al general Savio, que durante el Gobierno del General Per\u00f3n llev\u00f3 a cabo una majestuosa obra que se transform\u00f3 en 14 f\u00e1bricas y ocho sociedades mixtas: Somisa, Atanor, Ipasam y las Petroqu\u00edmicas R\u00edo Tercero, Bah\u00eda Blanca, General Mosconi y otras\u201d, redonde\u00f3 el dirigente.<\/p>\n<p><strong>De pie y en lucha<\/strong><\/p>\n<p>\u201cHoy nuevamente estamos de pie, estamos en lucha. Nosotros, los que nos autodefinimos como fabriqueros, vamos a resistir los embates de este Gobierno donde sea y como sea\u201d, remarc\u00f3 Salerno al abrir el turno de oradores.<\/p>\n<p>&nbsp;<\/p>\n<p>\u201cEs un orgullo ser una trabajadora de fabricaciones militares. He pasado m\u00e1s de la mitad de mi vida adentro de una f\u00e1brica y siento que soy y que voy a ser hasta el \u00faltimo aliento de mi vida una fabriquera\u201d, enfatiz\u00f3 la titular del Consejo Directivo provincial de ATE.<\/p>\n<p><img loading=\"lazy\" decoding=\"async\" class=\"aligncenter size-full wp-image-6953\" src=\"http:\/\/www.atecordoba.org\/wp-content\/uploads\/2016\/06\/13342979_254483674914033_2625760867419227752_n-e1464803925393.jpg\" alt=\"13342979_254483674914033_2625760867419227752_n\" width=\"550\" height=\"309\" \/><\/p>\n<p>\u201cM\u00e1s que nunca es necesaria la unidad y la solidaridad, como son las premisas de nuestra organizaci\u00f3n. Quiero decirles que unidos somos m\u00e1s fuertes y ser solidarios nos da la cohesi\u00f3n para luchar\u201d, manifest\u00f3 Salerno antes de concluir: \u201cDesde ya, les pido sus fuerzas, la lucha y ni un paso atr\u00e1s para sostener lo que es nuestro\u201d.<\/p>\n<p><img loading=\"lazy\" decoding=\"async\" class=\"aligncenter size-full wp-image-6951\" src=\"http:\/\/www.atecordoba.org\/wp-content\/uploads\/2016\/06\/WhatsApp-Image-20160531-10-e1464803826449.jpg\" alt=\"WhatsApp-Image-20160531 (10)\" width=\"550\" height=\"309\" \/><\/p>\n<p>Por su parte, Mercado remarc\u00f3 que las trabajadoras y los trabajadores \u201ctuvimos que tomar la iniciativa para celebrar, ya que es la primera vez en la historia que la Direcci\u00f3n de Fabricaciones Militares no festeja el aniversario\u201d.<\/p>\n<p>\u201cY no s\u00f3lo olvidan el festejo fundacional, sino que le faltan el respeto a los compa\u00f1eros que llevan m\u00e1s de 25 a\u00f1os y siempre se les entreg\u00f3 la medalla. Tambi\u00e9n a los jubilados que est\u00e1n en la calle a la par nuestra\u201d, sostuvo el secretario general de ATE Villa Mar\u00eda.<\/p>\n<p><img loading=\"lazy\" decoding=\"async\" class=\"aligncenter size-full wp-image-6952\" src=\"http:\/\/www.atecordoba.org\/wp-content\/uploads\/2016\/06\/WhatsApp-Image-20160531-12-e1464803856914.jpg\" alt=\"WhatsApp-Image-20160531 (12)\" width=\"550\" height=\"309\" \/><\/p>\n<p>\u201cQueremos decirle al Gobierno de turno que los fabriqueros no somos \u00f1oquis; podemos demostrarle a la sociedad lo que somos capaces de hacer, no solamente trabajando, sino tambi\u00e9n en cuestiones de organizaci\u00f3n y lucha\u201d, reflexion\u00f3.<\/p>\n<p>\u201cQueremos dejar claro que no olvidamos a los 140 trabajadores que perdieron el trabajo, sino que seguimos todos los d\u00edas reclamando por ellos y no vamos a claudicar\u201d, tambi\u00e9n apunt\u00f3.<\/p>\n<p>&nbsp;<\/p>\n<p>\u201cPor \u00faltimo, quiero decirles que se tienen que quedar tranquilos porque en el lugar donde echen un compa\u00f1ero o no reactiven una f\u00e1brica, ser\u00e1 el lugar donde nos vamos a meter adentro y la vamos a reactivar como ya se hizo en el a\u00f1o 2003\u201d, dijo Mercado.<\/p>\n<p><img loading=\"lazy\" decoding=\"async\" class=\"aligncenter size-full wp-image-6944\" src=\"http:\/\/www.atecordoba.org\/wp-content\/uploads\/2016\/06\/WhatsApp-Image-20160531-4-e1464803589889.jpg\" alt=\"WhatsApp-Image-20160531 (4)\" width=\"550\" height=\"309\" \/><\/p>\n<p>\u201cNo vamos a permitir que se roben el sue\u00f1o de nuestros hijos. Vamos a luchar por la memoria de los que se fueron, por nuestros viejos que pasaron por la f\u00e1brica, por nosotros y por nuestros hijos\u201d, concluy\u00f3.<\/p>\n<p>Cerrando el acto, el l\u00edder del Consejo Directivo Nacional de ATE, Hugo Godoy, brind\u00f3 sus reflexiones.<\/p>\n<p>\u201cCelebramos 79 a\u00f1os de la fundaci\u00f3n de esta f\u00e1brica que nosotros, los trabajadores, los fabriqueros, sentimos como propia porque la defendimos con u\u00f1as y dientes para mantenerla abierta, hacerla crecer y reactivarla. Tambi\u00e9n somos conscientes de que no es nuestra, es propiedad del pueblo argentino\u201d, afirm\u00f3 Godoy.<\/p>\n<p>\u201cPorque somos trabajadores y porque somos hombres y mujeres que construimos esta Patria todos los d\u00edas es que celebramos con satisfacci\u00f3n que esta f\u00e1brica cumpla a\u00f1os hoy y que adem\u00e1s lo salimos a festejar peleando en las calles\u201d, manifest\u00f3 el reconocido dirigente sindical.<\/p>\n<p>\u201cA la f\u00e1brica la vamos a defender, la vamos a proteger y la vamos a mantener abierta y al servicio del pueblo argentino\u201d, cerr\u00f3.<\/p>\n<p>&nbsp;<\/p>\n","protected":false},"excerpt":{"rendered":"<p>Con la presencia del secretario General de ATE, Hugo Godoy, ATE march\u00f3 hoy por el centro de Villa Mar\u00eda para reclamar la reactivaci\u00f3n de la F\u00e1brica Militar de P\u00f3lvora y Explosivos, que actualmente trabaja al 10% de su capacidad. &nbsp; La movilizaci\u00f3n fue el cierre de dos jornadas de presencia p\u00fablica de ATE en la [&hellip;]<\/p>\n","protected":false},"author":1,"featured_media":19220,"comment_status":"open","ping_status":"open","sticky":false,"template":"","format":"standard","meta":{"_exactmetrics_skip_tracking":false,"_exactmetrics_sitenote_active":false,"_exactmetrics_sitenote_note":"","_exactmetrics_sitenote_category":0,"jnews-multi-image_gallery":[],"jnews_single_post":[],"jnews_primary_category":[],"jnews_social_meta":[],"jnews_review":[],"enable_review":"","type":"","name":"","summary":"","brand":"","sku":"","good":[],"bad":[],"score_override":"","override_value":"","rating":[],"price":[],"jnews_override_counter":[],"jnews_post_split":[],"footnotes":""},"categories":[17,18,14],"tags":[],"class_list":["post-6936","post","type-post","status-publish","format-standard","has-post-thumbnail","hentry","category-fabricaciones-militares","category-nacionales","category-villa-maria"],"jetpack_featured_media_url":"https:\/\/atecordoba.org\/wp-content\/uploads\/2020\/05\/logo-nuevochico-e1561581322808.png","_links":{"self":[{"href":"https:\/\/atecordoba.org\/index.php?rest_route=\/wp\/v2\/posts\/6936","targetHints":{"allow":["GET"]}}],"collection":[{"href":"https:\/\/atecordoba.org\/index.php?rest_route=\/wp\/v2\/posts"}],"about":[{"href":"https:\/\/atecordoba.org\/index.php?rest_route=\/wp\/v2\/types\/post"}],"author":[{"embeddable":true,"href":"https:\/\/atecordoba.org\/index.php?rest_route=\/wp\/v2\/users\/1"}],"replies":[{"embeddable":true,"href":"https:\/\/atecordoba.org\/index.php?rest_route=%2Fwp%2Fv2%2Fcomments&post=6936"}],"version-history":[{"count":0,"href":"https:\/\/atecordoba.org\/index.php?rest_route=\/wp\/v2\/posts\/6936\/revisions"}],"wp:featuredmedia":[{"embeddable":true,"href":"https:\/\/atecordoba.org\/index.php?rest_route=\/wp\/v2\/media\/19220"}],"wp:attachment":[{"href":"https:\/\/atecordoba.org\/index.php?rest_route=%2Fwp%2Fv2%2Fmedia&parent=6936"}],"wp:term":[{"taxonomy":"category","embeddable":true,"href":"https:\/\/atecordoba.org\/index.php?rest_route=%2Fwp%2Fv2%2Fcategories&post=6936"},{"taxonomy":"post_tag","embeddable":true,"href":"https:\/\/atecordoba.org\/index.php?rest_route=%2Fwp%2Fv2%2Ftags&post=6936"}],"curies":[{"name":"wp","href":"https:\/\/api.w.org\/{rel}","templated":true}]}}