{"id":6913,"date":"2016-05-31T15:59:08","date_gmt":"2016-05-31T18:59:08","guid":{"rendered":"http:\/\/www.atecordoba.org\/?p=6913"},"modified":"2016-05-31T15:59:08","modified_gmt":"2016-05-31T18:59:08","slug":"carpa-de-fabrica-de-polvoras-en-villa-maria-los-trabajadores-muestran-lo-que-producen","status":"publish","type":"post","link":"https:\/\/atecordoba.org\/?p=6913","title":{"rendered":"Carpa de F\u00e1brica de P\u00f3lvoras en Villa Mar\u00eda: los trabajadores muestran lo que producen"},"content":{"rendered":"<p><em>Desde ayer\u00a0se mont\u00f3 una carpa tem\u00e1tica de los trabajadores de la F\u00e1brica Militar de P\u00f3lvoras en pleno centro de Villa Mar\u00eda, para mostrar los productos que realizan y la historia de la empresa del Estado, que cumple hoy 79 a\u00f1os de vida y ocupa a 500 trabajadores.<\/em><\/p>\n<p><img loading=\"lazy\" decoding=\"async\" class=\"aligncenter size-full wp-image-6914\" src=\"http:\/\/www.atecordoba.org\/wp-content\/uploads\/2016\/05\/antiparras-e1464720781809.jpg\" alt=\"antiparras\" width=\"550\" height=\"413\" \/><br \/>\nLos trabajadores de la F\u00e1brica Militar de P\u00f3lvoras y Expl<span class=\"text_exposed_show\">osivos de la ciudad, nucleados en la Asociaci\u00f3n Trabajadores del Estado montaron en Plaza Centenario una carpa tem\u00e1tica para mostrar a la comunidad los productos que fabrica la empresa y su historia. La iniciativa-enmarcada en la defensa del futuro de la FMPyE\u2013 se lleva a cabo en el marco del festejo del cumplea\u00f1os N\u00ba 79 de su creaci\u00f3n. All\u00ed se exhiben material fotogr\u00e1fico y audiovisual sobre la historia del sector, en tanto los trabajadores informan a los peatones que se acercan a la esquina de la plaza- sobre Buenos Aires y General Paz- acerca de los productos que fabrican: p\u00f3lvoras varias, \u00e9ter, dinamitas, nitrocelulosa, entre otros, adem\u00e1s de contar con laboratorios de alta tecnolog\u00eda qu\u00edmica y bal\u00edstica.<\/span><\/p>\n<p><img loading=\"lazy\" decoding=\"async\" class=\"aligncenter size-full wp-image-6916\" src=\"http:\/\/www.atecordoba.org\/wp-content\/uploads\/2016\/05\/carro-e1464720832815.jpg\" alt=\"carro\" width=\"550\" height=\"367\" \/><\/p>\n<div class=\"text_exposed_show\">\n<p>Hoy 31 de mayo es el aniversario de la F\u00e1brica de p\u00f3lvoras, que la vuelve a encontrar en una situaci\u00f3n complicada, debido a la falta de pol\u00edtica de desarrollo del Estado nacional, que genera incertidumbre en los casi 500 trabajadores\u00a0que all\u00ed se desempe\u00f1an. Durante la jornada\u00a0d\u00eda habr\u00e1 una marcha, homenajes a los fallecidos en la planta y una ofrenda en el busto del Gral Savio, impulsor del complejo fabril.<\/p>\n<p><img loading=\"lazy\" decoding=\"async\" class=\"aligncenter size-full wp-image-6918\" src=\"http:\/\/www.atecordoba.org\/wp-content\/uploads\/2016\/05\/merca-e1464721073399.jpg\" alt=\"merca\" width=\"550\" height=\"413\" \/> <img loading=\"lazy\" decoding=\"async\" class=\"aligncenter size-full wp-image-6915\" src=\"http:\/\/www.atecordoba.org\/wp-content\/uploads\/2016\/05\/torno-e1464720811881.jpg\" alt=\"torno\" width=\"550\" height=\"413\" \/> <img loading=\"lazy\" decoding=\"async\" class=\"aligncenter size-full wp-image-6919\" src=\"http:\/\/www.atecordoba.org\/wp-content\/uploads\/2016\/05\/oficina-copia-e1464721064361.jpg\" alt=\"oficina - copia\" width=\"550\" height=\"543\" \/> <img loading=\"lazy\" decoding=\"async\" class=\"aligncenter size-full wp-image-6922\" src=\"http:\/\/www.atecordoba.org\/wp-content\/uploads\/2016\/05\/operario-e1464721005243.jpg\" alt=\"operario\" width=\"550\" height=\"367\" \/> <img loading=\"lazy\" decoding=\"async\" class=\"aligncenter size-full wp-image-6923\" src=\"http:\/\/www.atecordoba.org\/wp-content\/uploads\/2016\/05\/pintor-e1464720995550.jpg\" alt=\"pintor\" width=\"550\" height=\"367\" \/> <img loading=\"lazy\" decoding=\"async\" class=\"aligncenter size-full wp-image-6924\" src=\"http:\/\/www.atecordoba.org\/wp-content\/uploads\/2016\/05\/quimnica-e1464721051163.jpg\" alt=\"quimnica\" width=\"550\" height=\"367\" \/> <img loading=\"lazy\" decoding=\"async\" class=\"aligncenter size-full wp-image-6925\" src=\"http:\/\/www.atecordoba.org\/wp-content\/uploads\/2016\/05\/bolsa-copia-e1464720979183.jpg\" alt=\"bolsa - copia\" width=\"550\" height=\"413\" \/> <img loading=\"lazy\" decoding=\"async\" class=\"aligncenter size-full wp-image-6926\" src=\"http:\/\/www.atecordoba.org\/wp-content\/uploads\/2016\/05\/chicas-copia-e1464720968749.jpg\" alt=\"chicas - copia\" width=\"550\" height=\"364\" \/> <img loading=\"lazy\" decoding=\"async\" class=\"aligncenter size-full wp-image-6931\" src=\"http:\/\/www.atecordoba.org\/wp-content\/uploads\/2016\/05\/guarda-2-copia-e1464720921455.jpg\" alt=\"guarda 2 - copia\" width=\"550\" height=\"413\" \/> <img loading=\"lazy\" decoding=\"async\" class=\"aligncenter size-full wp-image-6930\" src=\"http:\/\/www.atecordoba.org\/wp-content\/uploads\/2016\/05\/guarda-copia-e1464720931356.jpg\" alt=\"guarda - copia\" width=\"550\" height=\"413\" \/> <img loading=\"lazy\" decoding=\"async\" class=\"aligncenter size-full wp-image-6929\" src=\"http:\/\/www.atecordoba.org\/wp-content\/uploads\/2016\/05\/dos-operarios-copia-e1464720940820.jpg\" alt=\"dos operarios - copia\" width=\"550\" height=\"367\" \/> <img loading=\"lazy\" decoding=\"async\" class=\"aligncenter size-full wp-image-6928\" src=\"http:\/\/www.atecordoba.org\/wp-content\/uploads\/2016\/05\/delantales-copia-e1464720949419.jpg\" alt=\"delantales - copia\" width=\"550\" height=\"413\" \/> <img loading=\"lazy\" decoding=\"async\" class=\"aligncenter size-full wp-image-6927\" src=\"http:\/\/www.atecordoba.org\/wp-content\/uploads\/2016\/05\/corte-copia-e1464720958112.jpg\" alt=\"corte - copia\" width=\"550\" height=\"367\" \/><\/p>\n<\/div>\n","protected":false},"excerpt":{"rendered":"<p>Desde ayer\u00a0se mont\u00f3 una carpa tem\u00e1tica de los trabajadores de la F\u00e1brica Militar de P\u00f3lvoras en pleno centro de Villa Mar\u00eda, para mostrar los productos que realizan y la historia de la empresa del Estado, que cumple hoy 79 a\u00f1os de vida y ocupa a 500 trabajadores. Los trabajadores de la F\u00e1brica Militar de P\u00f3lvoras [&hellip;]<\/p>\n","protected":false},"author":1,"featured_media":19220,"comment_status":"open","ping_status":"open","sticky":false,"template":"","format":"standard","meta":{"_exactmetrics_skip_tracking":false,"_exactmetrics_sitenote_active":false,"_exactmetrics_sitenote_note":"","_exactmetrics_sitenote_category":0,"jnews-multi-image_gallery":[],"jnews_single_post":[],"jnews_primary_category":[],"jnews_social_meta":[],"jnews_review":[],"enable_review":"","type":"","name":"","summary":"","brand":"","sku":"","good":[],"bad":[],"score_override":"","override_value":"","rating":[],"price":[],"jnews_override_counter":[],"jnews_post_split":[],"footnotes":""},"categories":[17,18,14],"tags":[],"class_list":["post-6913","post","type-post","status-publish","format-standard","has-post-thumbnail","hentry","category-fabricaciones-militares","category-nacionales","category-villa-maria"],"jetpack_featured_media_url":"https:\/\/atecordoba.org\/wp-content\/uploads\/2020\/05\/logo-nuevochico-e1561581322808.png","_links":{"self":[{"href":"https:\/\/atecordoba.org\/index.php?rest_route=\/wp\/v2\/posts\/6913","targetHints":{"allow":["GET"]}}],"collection":[{"href":"https:\/\/atecordoba.org\/index.php?rest_route=\/wp\/v2\/posts"}],"about":[{"href":"https:\/\/atecordoba.org\/index.php?rest_route=\/wp\/v2\/types\/post"}],"author":[{"embeddable":true,"href":"https:\/\/atecordoba.org\/index.php?rest_route=\/wp\/v2\/users\/1"}],"replies":[{"embeddable":true,"href":"https:\/\/atecordoba.org\/index.php?rest_route=%2Fwp%2Fv2%2Fcomments&post=6913"}],"version-history":[{"count":0,"href":"https:\/\/atecordoba.org\/index.php?rest_route=\/wp\/v2\/posts\/6913\/revisions"}],"wp:featuredmedia":[{"embeddable":true,"href":"https:\/\/atecordoba.org\/index.php?rest_route=\/wp\/v2\/media\/19220"}],"wp:attachment":[{"href":"https:\/\/atecordoba.org\/index.php?rest_route=%2Fwp%2Fv2%2Fmedia&parent=6913"}],"wp:term":[{"taxonomy":"category","embeddable":true,"href":"https:\/\/atecordoba.org\/index.php?rest_route=%2Fwp%2Fv2%2Fcategories&post=6913"},{"taxonomy":"post_tag","embeddable":true,"href":"https:\/\/atecordoba.org\/index.php?rest_route=%2Fwp%2Fv2%2Ftags&post=6913"}],"curies":[{"name":"wp","href":"https:\/\/api.w.org\/{rel}","templated":true}]}}