{"id":6909,"date":"2016-05-27T17:12:32","date_gmt":"2016-05-27T20:12:32","guid":{"rendered":"http:\/\/www.atecordoba.org\/?p=6909"},"modified":"2016-05-27T17:12:32","modified_gmt":"2016-05-27T20:12:32","slug":"ate-lanza-el-lunes-una-campana-de-concientizacion-publica-del-rol-del-estado-y-los-trabajadores","status":"publish","type":"post","link":"https:\/\/atecordoba.org\/?p=6909","title":{"rendered":"ATE lanza el lunes una campa\u00f1a de concientizaci\u00f3n p\u00fablica del rol del Estado y los trabajadores"},"content":{"rendered":"<p><em>Con la instalaci\u00f3n de una carpa en la Plaza San Mart\u00edn, el Consejo Directivo Provincial realizar\u00e1 durante los d\u00edas 30 y 31 de mayo y 1\u00ba de junio una campa\u00f1a de concientizaci\u00f3n sobre el rol que cumple el Estado y los trabajadores estatales en beneficio de la sociedad. La actividad tiene por objetivo brindar una alternativa, en base a informaci\u00f3n concreta, a la andanada de agresiones y descalificaciones que se\u00a0vierten desde las m\u00e1s altas autoridades de gobierno y los medios de comunicaci\u00f3n.\u00a0<\/em><\/p>\n<p><img loading=\"lazy\" decoding=\"async\" class=\"aligncenter size-full wp-image-6910\" src=\"http:\/\/www.atecordoba.org\/wp-content\/uploads\/2016\/05\/afiche_carpa_ate_2016-e1464378811364.jpg\" alt=\"afiche_carpa_ate_2016\" width=\"550\" height=\"397\" \/><\/p>\n<p style=\"line-height: 18.0pt;\"><span style=\"font-family: 'Georgia','serif'; color: #333333;\">Seg\u00fan est\u00e1 programado, participar\u00e1n compa\u00f1eros de los diversos organismos del Estado que realizar\u00e1n volanteadas para informar que funciones y servicios prestan cada uno de los sectores donde se desempe\u00f1an, as\u00ed como cu\u00e1les son los reclamos que justifican el plan de lucha que ATE viene desarrollando en C\u00f3rdoba y en los distintos puntos del pa\u00eds.\u00a0<\/span><\/p>\n<p style=\"line-height: 18.0pt; orphans: auto; text-align: start; widows: 1; -webkit-text-stroke-width: 0px; word-spacing: 0px;\"><span style=\"font-family: 'Georgia','serif'; color: #333333;\">&#8220;Sabemos que el bombardeo informativo y las cr\u00edticas permanentes desde el nuevo gobierno a los trabajadores estatales, como cuando nos llamaron &#8216;\u00f1oquis&#8217;, tiene por fin desprestigiar a los compa\u00f1eros que sostienen el funcionamiento de Estado para justificar los recortes y ajustes que se est\u00e1n aplicando. Tambi\u00e9n somos conscientes, por la experiencia vivida en otro proceso similar como fue la d\u00e9cada del &#8217;90, que una de las peleas importantes es disputar el discurso p\u00fablico sobre lo que realmente es el Estado y el papel que desempe\u00f1amos los trabajadores. Por eso salimos a informar a la comunidad, para que tenga conocimiento de los derechos que le asisten y se solidaricen con los trabajadores que luchamos, no s\u00f3lo por nuestros justos derechos, sino tambi\u00e9n por el bienestar general. Los invitamos a todos a pasar por la carpa estatal en la Plaza San Mart\u00edn&#8221;, resumi\u00f3 la secretaria General de ATE, Mar\u00eda Liliana Salerno.<\/span><\/p>\n<p style=\"line-height: 18.0pt; orphans: auto; text-align: start; widows: 1; -webkit-text-stroke-width: 0px; word-spacing: 0px;\"><span style=\"font-family: 'Georgia','serif'; color: #333333;\">La actividad se extender\u00e1 por tres d\u00edas pero est\u00e1n previstas otras acciones similares en el futuro.\u00a0<\/span><\/p>\n","protected":false},"excerpt":{"rendered":"<p>Con la instalaci\u00f3n de una carpa en la Plaza San Mart\u00edn, el Consejo Directivo Provincial realizar\u00e1 durante los d\u00edas 30 y 31 de mayo y 1\u00ba de junio una campa\u00f1a de concientizaci\u00f3n sobre el rol que cumple el Estado y los trabajadores estatales en beneficio de la sociedad. La actividad tiene por objetivo brindar una [&hellip;]<\/p>\n","protected":false},"author":1,"featured_media":19220,"comment_status":"open","ping_status":"open","sticky":false,"template":"","format":"standard","meta":{"_exactmetrics_skip_tracking":false,"_exactmetrics_sitenote_active":false,"_exactmetrics_sitenote_note":"","_exactmetrics_sitenote_category":0,"jnews-multi-image_gallery":[],"jnews_single_post":[],"jnews_primary_category":[],"jnews_social_meta":[],"jnews_review":[],"enable_review":"","type":"","name":"","summary":"","brand":"","sku":"","good":[],"bad":[],"score_override":"","override_value":"","rating":[],"price":[],"jnews_override_counter":[],"jnews_post_split":[],"footnotes":""},"categories":[18],"tags":[],"class_list":["post-6909","post","type-post","status-publish","format-standard","has-post-thumbnail","hentry","category-nacionales"],"jetpack_featured_media_url":"https:\/\/atecordoba.org\/wp-content\/uploads\/2020\/05\/logo-nuevochico-e1561581322808.png","_links":{"self":[{"href":"https:\/\/atecordoba.org\/index.php?rest_route=\/wp\/v2\/posts\/6909","targetHints":{"allow":["GET"]}}],"collection":[{"href":"https:\/\/atecordoba.org\/index.php?rest_route=\/wp\/v2\/posts"}],"about":[{"href":"https:\/\/atecordoba.org\/index.php?rest_route=\/wp\/v2\/types\/post"}],"author":[{"embeddable":true,"href":"https:\/\/atecordoba.org\/index.php?rest_route=\/wp\/v2\/users\/1"}],"replies":[{"embeddable":true,"href":"https:\/\/atecordoba.org\/index.php?rest_route=%2Fwp%2Fv2%2Fcomments&post=6909"}],"version-history":[{"count":0,"href":"https:\/\/atecordoba.org\/index.php?rest_route=\/wp\/v2\/posts\/6909\/revisions"}],"wp:featuredmedia":[{"embeddable":true,"href":"https:\/\/atecordoba.org\/index.php?rest_route=\/wp\/v2\/media\/19220"}],"wp:attachment":[{"href":"https:\/\/atecordoba.org\/index.php?rest_route=%2Fwp%2Fv2%2Fmedia&parent=6909"}],"wp:term":[{"taxonomy":"category","embeddable":true,"href":"https:\/\/atecordoba.org\/index.php?rest_route=%2Fwp%2Fv2%2Fcategories&post=6909"},{"taxonomy":"post_tag","embeddable":true,"href":"https:\/\/atecordoba.org\/index.php?rest_route=%2Fwp%2Fv2%2Ftags&post=6909"}],"curies":[{"name":"wp","href":"https:\/\/api.w.org\/{rel}","templated":true}]}}