{"id":6897,"date":"2016-05-26T16:25:09","date_gmt":"2016-05-26T19:25:09","guid":{"rendered":"http:\/\/www.atecordoba.org\/?p=6897"},"modified":"2020-06-09T15:39:12","modified_gmt":"2020-06-09T18:39:12","slug":"se-inauguro-la-casa-de-la-mujer-en-la-cta","status":"publish","type":"post","link":"https:\/\/atecordoba.org\/?p=6897","title":{"rendered":"Se inaugur\u00f3 la Casa de la Mujer en la CTA"},"content":{"rendered":"<p><em>Como un espacio para &#8220;juntarnos y organizarnos&#8221; el pasado 19 de mayo se present\u00f3 La Casa de la Mujer en C\u00f3rdoba, en el local de la CTA, con la presencia de diversas organizaciones que integran la central y partidos pol\u00edticos.<\/em><\/p>\n<p><img loading=\"lazy\" decoding=\"async\" class=\"aligncenter size-full wp-image-6898\" src=\"http:\/\/atecordoba.org\/wp-content\/uploads\/2020\/06\/8-e1464290355778.jpg\" alt=\"8\" width=\"550\" height=\"367\" \/><\/p>\n<p>La presentaci\u00f3n se llev\u00f3 a cabo en medio de una multitud de\u00a0compa\u00f1eras y compa\u00f1eros que vienen militando contra la violencia de g\u00e9nero. En la oportunidad se present\u00f3 el proyecto para formar\u00a0promotoras en prevenci\u00f3n y detecci\u00f3n de violencia de g\u00e9nero, por medio de diap\u00f3sitivas.<\/p>\n<p>Estuvieron presentes los compa\u00f1eros del Consejo Directivo Provincial Luis Barcena, secretario Adjunto, Mar\u00eda Palomeque, secretaria de Finanzas, y Alejandro Mur\u00faa, secretario de Interior. Adem\u00e1s de ATE, participaron del compromiso por desarrollar este nuevo espacio de militancia y lucha organizaciones como la\u00a0CCC y el Cispren, las compa\u00f1eras de las copas de leche de la CCC de barrio Liceo y Villa Siburu, la Fundaci\u00f3n Con Voz, \u00a0y los partidos UP y PTP. Tambi\u00e9n acercaron su adhesi\u00f3n y saludo las compa\u00f1eras del PS.<\/p>\n<p><img loading=\"lazy\" decoding=\"async\" class=\"aligncenter size-full wp-image-6899\" src=\"http:\/\/atecordoba.org\/wp-content\/uploads\/2020\/06\/1-e1464290440283.jpg\" alt=\"1\" width=\"550\" height=\"367\" \/><\/p>\n<p>El documento de apertura de la Casa de la Mujer declar\u00f3:<\/p>\n<p>\u201cLas mujeres nos apropiamos y construimos un espacio donde encontrarnos, organizarnos, juntarnos para debatir, pensar lo que nos pasa a las mujeres, develar esta doble opresi\u00f3n que nos pesa, opresi\u00f3n de clase y g\u00e9nero.<\/p>\n<p><img loading=\"lazy\" decoding=\"async\" class=\"aligncenter size-full wp-image-6900\" src=\"http:\/\/atecordoba.org\/wp-content\/uploads\/2020\/06\/3-e1464290466278.jpg\" alt=\"3\" width=\"550\" height=\"367\" \/><\/p>\n<p>Porque en la lucha nos encontramos y nos dimos cuenta que juntas somos m\u00e1s fuertes, nos unimos CTA, CCC, Cispren, UP y PTP y organizamos en conjunto el a\u00f1o pasado el viaje al 30 Encuentro Nacional de Mujeres en Mar del Plata, el 3 de Junio y el 25 de Noviembre.<\/p>\n<p>Este a\u00f1o tambi\u00e9n nos encontr\u00f3 unidas y con la convicci\u00f3n de seguir trabajando juntas, marchamos el 8 de Marzo y organizamos en el Cispren (sindicato de Prensa) un cine debate sobre la \u201cMujer Trabajadora\u201d.<\/p>\n<p>Porque los gobiernos no dan respuestas efectivas a nuestras urgencias, no apuntan a la ra\u00edz de los problemas de violencia, solo llegan a asistir una vez cometido el delito, si es que la mujer logr\u00f3 acercarse a realizar la denuncia, si es que se la tomaron, si es que logr\u00f3 tener el valor de continuar el proceso, porque al gobierno no le importa terminar con este flagelo que nos azota cada vez con mayor crueldad y sa\u00f1a.<\/p>\n<p><img loading=\"lazy\" decoding=\"async\" class=\"aligncenter size-full wp-image-6901\" src=\"http:\/\/atecordoba.org\/wp-content\/uploads\/2020\/06\/2-e1464290505888.jpg\" alt=\"2\" width=\"550\" height=\"367\" \/><\/p>\n<p>Porque con un bot\u00f3n no basta. En lo que va del a\u00f1o en nuestra provincia ya tenemos a 9 mujeres menos. C\u00f3rdoba no adher\u00eda a la ley nacional, tenemos una ley provincial que es la 9283 de violencia familiar, donde los principales art\u00edculos no est\u00e1n reglamentados. Ahora el gobernador Schiaretti adhiri\u00f3 a la ley nacional, no sabemos c\u00f3mo ser\u00e1n los cambios, a\u00fan es solo un anuncio.<\/p>\n<p>Como pol\u00edtica el gobierno provincial ha inaugurado un polo de la mujer donde se reciben las denuncias, se da el bot\u00f3n antip\u00e1nico. Las mujeres no conocen estas oficinas, son oficinas fr\u00edas, con box donde te atienden, nada m\u00e1s lejano de la contenci\u00f3n que las mujeres necesitamos en esos momentos.<\/p>\n<p><img loading=\"lazy\" decoding=\"async\" class=\"aligncenter wp-image-6902\" src=\"http:\/\/atecordoba.org\/wp-content\/uploads\/2020\/06\/4.jpg\" alt=\"4\" width=\"545\" height=\"363\" \/><\/p>\n<p>Tenemos el trist\u00edsimo papel de liderar el ranking nacional de femicidio, la mayor\u00eda de las mujeres asesinadas ten\u00edan denuncias previas, hasta el bot\u00f3n antip\u00e1nico, pero nada de esto pudo evitar el cruel desenlace.<\/p>\n<p>Muchas de las mujeres que van a realizar las denuncias cuentan los malos tratos recibidos, la culpabilizaci\u00f3n a la que son sometidas con frases como \u201cqu\u00e9 hiciste\u201d. Fallos de jueces en favor del agresor donde las mujeres deben volver al hogar donde se encuentra su agresor, ni\u00f1os que son obligados a tener r\u00e9gimen de visita con la persona que los maltrata, abusa&#8230; Estos hechos en su conjunto ponen en evidencia la esencia de la justicia de este sistema patriarcal.<\/p>\n<p>Macri lleva seis meses de gobierno sin ejecutar una sola medida a favor de las grandes mayor\u00edas populares, y eso tambi\u00e9n incluye a las v\u00edctimas de la violencia. El Consejo Nacional de las Mujeres promete que para julio dar\u00e1n a conocer el Plan Nacional de Acci\u00f3n para eliminar la violencia contra las Mujeres. Mientas tanto niegan la necesidad de que se declare la Emergencia Nacional en Violencia contra las mujeres, medida que permitir\u00eda destinar partidas presupuestarias extraordinarias para hacer frente a esta situaci\u00f3n.<\/p>\n<p><img loading=\"lazy\" decoding=\"async\" class=\"aligncenter size-full wp-image-6903\" src=\"http:\/\/atecordoba.org\/wp-content\/uploads\/2020\/06\/5-e1464290581317.jpg\" alt=\"5\" width=\"367\" height=\"550\" \/><\/p>\n<p>Hay que decir tambi\u00e9n que en 12 a\u00f1os de gobierno kirchnerista, s\u00f3lo logramos buenas leyes a las que nunca se les destin\u00f3 presupuesto. Pas\u00f3 el 3 de Junio al masivo grito del #NiUnaMenos y a la ex presidenta no se lo movi\u00f3 un pelo.<\/p>\n<p>Por esto exigimos se declare la emergencia en violencia sexual y domestica.<\/p>\n<p>Se ha profundizado la feminizaci\u00f3n de la pobreza, la suba de los alimentos de la canasta b\u00e1sica, las mujeres responsables de la administraci\u00f3n de la econom\u00eda familiar, carest\u00eda de la vida, trabajo precarizado. Frente a esto nos organizamos para buscar la salida a estos problemas, ser protagonistas de nuestras luchas\u201d.<\/p>\n<p><img loading=\"lazy\" decoding=\"async\" class=\"aligncenter size-full wp-image-6904\" src=\"http:\/\/atecordoba.org\/wp-content\/uploads\/2020\/06\/6-e1464290620621.jpg\" alt=\"6\" width=\"367\" height=\"550\" \/><\/p>\n<p>Finalizada la lectura\u00a0se present\u00f3 con diapositivas el proyecto de formar promotoras en prevenci\u00f3n y detecci\u00f3n de violencia de g\u00e9nero. Las mujeres poco saben donde recurrir, que hacer. Por esto apuntamos a trabajar en los barrios ayudando a organizarse a las mujeres para poder tomar este problema en sus manos.<\/p>\n<p>Nos acompa\u00f1aron y dejaron su saludo las compa\u00f1eras del PS, la Corriente Clasista y Combativa. Estuvieron las compa\u00f1eras de las copas de leche de la CCC de barrio Liceo y Villa Siburu, la Fundaci\u00f3n Con Voz. El secretario adjunto de CTA David Calder\u00f3n expres\u00f3 la alegr\u00eda de que las mujeres le den vida a la casa del CTA. De ATE nos acompa\u00f1aron con sus palabras Mar\u00eda Palomeque y Silvia Nobrega \u201cantes no ve\u00eda lo de las mujeres como un camino de lucha, la realidad y todos los femicidios me hicieron cambiar de opini\u00f3n, espero que podamos trabajar juntas.\u201d Lilia &#8220;Gigi&#8221; Pati\u00f1o secretaria de Discapacidad de CTA.<\/p>\n<p><img loading=\"lazy\" decoding=\"async\" class=\"aligncenter size-full wp-image-6905\" src=\"http:\/\/atecordoba.org\/wp-content\/uploads\/2020\/06\/7-e1464290642976.jpg\" alt=\"7\" width=\"367\" height=\"550\" \/><\/p>\n<p>Cafecito, mate y cosas ricas para terminar la inauguraci\u00f3n, y mucha emoci\u00f3n por un proyecto que tiene mucho por hacer. Nos vamos preparando para un contundente 3 de junio y para ir a Rosario en octubre.<\/p>\n<p>Como dijo una de las compa\u00f1eras: \u201c\u00a1Orgullosa de ser parte de un nosotras que va creciendo para terminar con la violencia \u00a1Vivas nos queremos. Ni una menos!<\/p>\n","protected":false},"excerpt":{"rendered":"<p>Como un espacio para &#8220;juntarnos y organizarnos&#8221; el pasado 19 de mayo se present\u00f3 La Casa de la Mujer en C\u00f3rdoba, en el local de la CTA, con la presencia de diversas organizaciones que integran la central y partidos pol\u00edticos. La presentaci\u00f3n se llev\u00f3 a cabo en medio de una multitud de\u00a0compa\u00f1eras y compa\u00f1eros que [&hellip;]<\/p>\n","protected":false},"author":1,"featured_media":19220,"comment_status":"open","ping_status":"open","sticky":false,"template":"","format":"standard","meta":{"_exactmetrics_skip_tracking":false,"_exactmetrics_sitenote_active":false,"_exactmetrics_sitenote_note":"","_exactmetrics_sitenote_category":0,"jnews-multi-image_gallery":[],"jnews_single_post":[],"jnews_primary_category":[],"jnews_social_meta":[],"jnews_review":[],"enable_review":"","type":"","name":"","summary":"","brand":"","sku":"","good":[],"bad":[],"score_override":"","override_value":"","rating":[],"price":[],"jnews_override_counter":[],"jnews_post_split":[],"footnotes":""},"categories":[92,325],"tags":[],"class_list":["post-6897","post","type-post","status-publish","format-standard","has-post-thumbnail","hentry","category-cta","category-generos-y-diversidades"],"jetpack_featured_media_url":"https:\/\/atecordoba.org\/wp-content\/uploads\/2020\/05\/logo-nuevochico-e1561581322808.png","_links":{"self":[{"href":"https:\/\/atecordoba.org\/index.php?rest_route=\/wp\/v2\/posts\/6897","targetHints":{"allow":["GET"]}}],"collection":[{"href":"https:\/\/atecordoba.org\/index.php?rest_route=\/wp\/v2\/posts"}],"about":[{"href":"https:\/\/atecordoba.org\/index.php?rest_route=\/wp\/v2\/types\/post"}],"author":[{"embeddable":true,"href":"https:\/\/atecordoba.org\/index.php?rest_route=\/wp\/v2\/users\/1"}],"replies":[{"embeddable":true,"href":"https:\/\/atecordoba.org\/index.php?rest_route=%2Fwp%2Fv2%2Fcomments&post=6897"}],"version-history":[{"count":1,"href":"https:\/\/atecordoba.org\/index.php?rest_route=\/wp\/v2\/posts\/6897\/revisions"}],"predecessor-version":[{"id":20010,"href":"https:\/\/atecordoba.org\/index.php?rest_route=\/wp\/v2\/posts\/6897\/revisions\/20010"}],"wp:featuredmedia":[{"embeddable":true,"href":"https:\/\/atecordoba.org\/index.php?rest_route=\/wp\/v2\/media\/19220"}],"wp:attachment":[{"href":"https:\/\/atecordoba.org\/index.php?rest_route=%2Fwp%2Fv2%2Fmedia&parent=6897"}],"wp:term":[{"taxonomy":"category","embeddable":true,"href":"https:\/\/atecordoba.org\/index.php?rest_route=%2Fwp%2Fv2%2Fcategories&post=6897"},{"taxonomy":"post_tag","embeddable":true,"href":"https:\/\/atecordoba.org\/index.php?rest_route=%2Fwp%2Fv2%2Ftags&post=6897"}],"curies":[{"name":"wp","href":"https:\/\/api.w.org\/{rel}","templated":true}]}}