{"id":6894,"date":"2016-05-26T15:36:43","date_gmt":"2016-05-26T18:36:43","guid":{"rendered":"http:\/\/www.atecordoba.org\/?p=6894"},"modified":"2016-05-26T15:36:43","modified_gmt":"2016-05-26T18:36:43","slug":"unquillo-la-justicia-reinstalo-a-cuatro-delegados-despedidos-ilegalmente-en-la-municipalidad","status":"publish","type":"post","link":"https:\/\/atecordoba.org\/?p=6894","title":{"rendered":"Unquillo: la justicia reinstal\u00f3 a cuatro delegados despedidos ilegalmente en la municipalidad"},"content":{"rendered":"<p><em>El intendente hab\u00eda dejado cesante a cuatro delegados que ten\u00edan mandatos vigentes debido a \u00a0la persecuci\u00f3n que realiz\u00f3 a nuestro gremio, en el marco de un plan de lucha que se extendi\u00f3 por 60 d\u00edas.<\/em><\/p>\n<p><img loading=\"lazy\" decoding=\"async\" class=\"aligncenter size-full wp-image-6895\" src=\"http:\/\/www.atecordoba.org\/wp-content\/uploads\/2016\/05\/UNQUILLO_DELEGADOS-REINSTALADOS-e1464287777788.jpg\" alt=\"UNQUILLO_DELEGADOS REINSTALADOS\" width=\"550\" height=\"310\" \/><\/p>\n<p>La Justicia orden\u00f3 reinstalar a los delegados, dando marcha atr\u00e1s con los resuelto previamente por el intendente Jorge Fabrissin, del Partido Justicialista.<\/p>\n<p>Tras el decreto de achique de personal dictado por el intendente Jorge Fabrissin, y luego de 60 d\u00edas de plan de lucha realizado por ATE en la municipalidad de Unquillo, la justicia orden\u00f3 la reinstalaci\u00f3n de cuatro delegados que hab\u00edan sido despedido ilegalmente.<\/p>\n<p>Se trata de los compa\u00f1eros Lucas Bustamante, Roxana Bustos, Antonio Aredes y Miguel Sergio Rodr\u00edguez, que tuvieron fuerte protagonismo durante el plan de lucha en contra del ajuste que implement\u00f3 Fabrissin, con el aval del gobierno provincial.<\/p>\n<p>Despu\u00e9s de numerosas movilizaciones y medidas de fuerza, cuando finalmente el municipio comenz\u00f3 a dictar las cesant\u00edas de cientos de municipales, el intendente orden\u00f3 el despido de los cuatro delegados mencionados sin importante que poseen la tutela gremial que los protege de los abusos y arbitrariedades de la patronal.<\/p>\n<p>Sin embargo, la Justicia dio la raz\u00f3n a los planteos legales realizados por nuestro gremio y orden\u00f3 la reinstalaci\u00f3n de los compa\u00f1eros para que ejerzan en pleno derecho la representaci\u00f3n de los municipales del sector.<\/p>\n<p>\u201cQueda claro que no negociamos los derechos de los trabajadores, ni claudicamos de nuestras banderas. Todos los compa\u00f1eros saben que ATE no traiciona y el intendente Fabrissin deber\u00e1 ahora convencerse de que vivimos en democracia y que seguiremos representando a los compa\u00f1eros por m\u00e1s que no le guste\u201d, afirm\u00f3 el secretario de Interior del CDP, Alejandro Murua.<\/p>\n","protected":false},"excerpt":{"rendered":"<p>El intendente hab\u00eda dejado cesante a cuatro delegados que ten\u00edan mandatos vigentes debido a \u00a0la persecuci\u00f3n que realiz\u00f3 a nuestro gremio, en el marco de un plan de lucha que se extendi\u00f3 por 60 d\u00edas. La Justicia orden\u00f3 reinstalar a los delegados, dando marcha atr\u00e1s con los resuelto previamente por el intendente Jorge Fabrissin, del [&hellip;]<\/p>\n","protected":false},"author":1,"featured_media":19220,"comment_status":"open","ping_status":"open","sticky":false,"template":"","format":"standard","meta":{"_exactmetrics_skip_tracking":false,"_exactmetrics_sitenote_active":false,"_exactmetrics_sitenote_note":"","_exactmetrics_sitenote_category":0,"jnews-multi-image_gallery":[],"jnews_single_post":[],"jnews_primary_category":[],"jnews_social_meta":[],"jnews_review":[],"enable_review":"","type":"","name":"","summary":"","brand":"","sku":"","good":[],"bad":[],"score_override":"","override_value":"","rating":[],"price":[],"jnews_override_counter":[],"jnews_post_split":[],"footnotes":""},"categories":[20],"tags":[],"class_list":["post-6894","post","type-post","status-publish","format-standard","has-post-thumbnail","hentry","category-municipales"],"jetpack_featured_media_url":"https:\/\/atecordoba.org\/wp-content\/uploads\/2020\/05\/logo-nuevochico-e1561581322808.png","_links":{"self":[{"href":"https:\/\/atecordoba.org\/index.php?rest_route=\/wp\/v2\/posts\/6894","targetHints":{"allow":["GET"]}}],"collection":[{"href":"https:\/\/atecordoba.org\/index.php?rest_route=\/wp\/v2\/posts"}],"about":[{"href":"https:\/\/atecordoba.org\/index.php?rest_route=\/wp\/v2\/types\/post"}],"author":[{"embeddable":true,"href":"https:\/\/atecordoba.org\/index.php?rest_route=\/wp\/v2\/users\/1"}],"replies":[{"embeddable":true,"href":"https:\/\/atecordoba.org\/index.php?rest_route=%2Fwp%2Fv2%2Fcomments&post=6894"}],"version-history":[{"count":0,"href":"https:\/\/atecordoba.org\/index.php?rest_route=\/wp\/v2\/posts\/6894\/revisions"}],"wp:featuredmedia":[{"embeddable":true,"href":"https:\/\/atecordoba.org\/index.php?rest_route=\/wp\/v2\/media\/19220"}],"wp:attachment":[{"href":"https:\/\/atecordoba.org\/index.php?rest_route=%2Fwp%2Fv2%2Fmedia&parent=6894"}],"wp:term":[{"taxonomy":"category","embeddable":true,"href":"https:\/\/atecordoba.org\/index.php?rest_route=%2Fwp%2Fv2%2Fcategories&post=6894"},{"taxonomy":"post_tag","embeddable":true,"href":"https:\/\/atecordoba.org\/index.php?rest_route=%2Fwp%2Fv2%2Ftags&post=6894"}],"curies":[{"name":"wp","href":"https:\/\/api.w.org\/{rel}","templated":true}]}}