{"id":6880,"date":"2016-05-24T18:00:58","date_gmt":"2016-05-24T21:00:58","guid":{"rendered":"http:\/\/www.atecordoba.org\/?p=6880"},"modified":"2016-05-24T18:00:58","modified_gmt":"2016-05-24T21:00:58","slug":"ate-marcho-en-cordoba-por-el-paro-nacional","status":"publish","type":"post","link":"https:\/\/atecordoba.org\/?p=6880","title":{"rendered":"ATE march\u00f3 en C\u00f3rdoba por el paro nacional"},"content":{"rendered":"<p style=\"line-height: 12.0pt;\"><em><span style=\"font-size: 11.0pt; font-family: 'Georgia','serif'; color: #333333;\">Con la concurrencia de las seccionales Villa Mar\u00eda y R\u00edo Tercero, una gruesa columna de estatales se moviliz\u00f3 por el centro de la ciudad, encabezada por el secretariado provincial.<\/span><\/em><\/p>\n<p style=\"line-height: 12.0pt; orphans: auto; text-align: start; widows: 1; -webkit-text-stroke-width: 0px; word-spacing: 0px;\"><span style=\"font-size: 11.0pt; font-family: 'Georgia','serif'; color: #333333;\">\u00a0<img loading=\"lazy\" decoding=\"async\" class=\"aligncenter size-full wp-image-6881\" src=\"http:\/\/www.atecordoba.org\/wp-content\/uploads\/2016\/05\/DSC_0566-e1464122667303.jpg\" alt=\"DSC_0566\" width=\"550\" height=\"309\" \/><\/span><\/p>\n<p style=\"line-height: 12.0pt; orphans: auto; text-align: start; widows: 1; -webkit-text-stroke-width: 0px; word-spacing: 0px;\"><span style=\"font-size: 11.0pt; font-family: 'Georgia','serif'; color: #333333;\">En el marco del paro nacional que decret\u00f3 la conducci\u00f3n nacional de ATE, el Consejo Directivo Provincial realiz\u00f3 una movilizaci\u00f3n por el centro de C\u00f3rdoba para expresar el reclamo salarial por un aumento del 45% de recomposici\u00f3n en los haberes, que compense la escalada inflacionaria que golpea brutalmente el bolsillo de los trabajadores.<\/span><\/p>\n<p style=\"line-height: 12.0pt; orphans: auto; text-align: start; widows: 1; -webkit-text-stroke-width: 0px; word-spacing: 0px;\"><img loading=\"lazy\" decoding=\"async\" class=\"aligncenter size-full wp-image-6882\" src=\"http:\/\/www.atecordoba.org\/wp-content\/uploads\/2016\/05\/DSC_0569-e1464122699633.jpg\" alt=\"DSC_0569\" width=\"550\" height=\"309\" \/><\/p>\n<p style=\"line-height: 12.0pt; orphans: auto; text-align: start; widows: 1; -webkit-text-stroke-width: 0px; word-spacing: 0px;\"><span style=\"font-size: 11.0pt; font-family: 'Georgia','serif'; color: #333333;\">En la oportunidad se destac\u00f3 la participaci\u00f3n de compa\u00f1eros de las seccionales R\u00edo Tercero y Villa Mar\u00eda que se trasladaron desde el interior provincial para marchar fraternalmente con compa\u00f1eros de C\u00f3rdoba Capital y de las delegaciones del norte cordob\u00e9s.<\/span><\/p>\n<p style=\"line-height: 12.0pt; orphans: auto; text-align: start; widows: 1; -webkit-text-stroke-width: 0px; word-spacing: 0px;\"><span style=\"font-size: 11.0pt; font-family: 'Georgia','serif'; color: #333333;\">Estuvieron presentes compa\u00f1eros de Fabricaciones Militares, INTI,\u00a0\u00a0Ministerio de Desarrollo Social, Parques Nacionales, no docentes de la UNC -donde se destac\u00f3 una importante representaci\u00f3n de los trabajadores del Laboratorio de Hemoderivados-, Dioxitek, Ministerio de Trabajo, Secretaria de Agricultura Familiar y Anac, entre otros sectores del Estado nacional. En tanto,<span class=\"apple-converted-space\">\u00a0<\/span>el norte provincial estuvo representado por compa\u00f1eros municipales de Cruz del Eje, Quilino, San Carlos Minas Unquillo y San Marcos Sierra.\u00a0Por el sector provincial, se destac\u00f3 la presencia de compa\u00f1eros de los hospitales p\u00fablicos.<\/span><\/p>\n<p style=\"line-height: 12.0pt; orphans: auto; text-align: start; widows: 1; -webkit-text-stroke-width: 0px; word-spacing: 0px;\"><img loading=\"lazy\" decoding=\"async\" class=\"aligncenter size-full wp-image-6883\" src=\"http:\/\/www.atecordoba.org\/wp-content\/uploads\/2016\/05\/DSC_0537-e1464122735140.jpg\" alt=\"DSC_0537\" width=\"550\" height=\"309\" \/><\/p>\n<p style=\"line-height: 12.0pt; orphans: auto; text-align: start; widows: 1; -webkit-text-stroke-width: 0px; word-spacing: 0px;\"><span style=\"font-size: 11.0pt; font-family: 'Georgia','serif'; color: #333333;\">Alrededor de las 11 de la ma\u00f1ana, la columna parti\u00f3 desde la sede de ATE, encabezada por nuestra secretaria General, Mar\u00eda Liliana Salerno, junto al resto del secretariado provincial, el secretario General de la seccional r\u00edo Tercero, Cristian Colman, y el secretario Gremial de Villa Mar\u00eda, Jorge Heredia. As\u00ed tambi\u00e9n, la movilizaci\u00f3n cont\u00f3 con la participaci\u00f3n de delegaciones de la CTA R\u00edo Tercero y de la conducci\u00f3n provincial.\u00a0<\/span><\/p>\n<p style=\"line-height: 12.0pt; orphans: auto; text-align: start; widows: 1; -webkit-text-stroke-width: 0px; word-spacing: 0px;\"><img loading=\"lazy\" decoding=\"async\" class=\"aligncenter  wp-image-6884\" src=\"http:\/\/www.atecordoba.org\/wp-content\/uploads\/2016\/05\/DSC_0587.jpg\" alt=\"DSC_0587\" width=\"549\" height=\"309\" \/><\/p>\n<p style=\"line-height: 12.0pt; orphans: auto; text-align: start; widows: 1; -webkit-text-stroke-width: 0px; word-spacing: 0px;\"><span style=\"font-size: 11.0pt; font-family: 'Georgia','serif'; color: #333333;\">La marcha atraves\u00f3 el centro de la ciudad hasta finalizar en la esquina de avenida colon y General Paz donde se realiz\u00f3 un masivo acto.<\/span><\/p>\n<p style=\"line-height: 12.0pt;\"><span style=\"font-size: 11.0pt; font-family: 'Georgia','serif'; color: #333333;\">\u201cHoy es un d\u00eda m\u00e1s de lucha, de paro, de movilizaci\u00f3n y de resistencia. Porque nos resistimos a perder nuestros derechos, nuestros trabajos\u201d, inici\u00f3 su discurso la secretaria General de ATE.<\/span><\/p>\n<p style=\"line-height: 12.0pt;\"><span style=\"font-size: 11.0pt; font-family: 'Georgia','serif'; color: #333333;\">Mar\u00eda Liliana Salerno prosigui\u00f3 se\u00f1alando que \u201cqueremos el pase a planta, basta de precarizaci\u00f3n. Nos vemos frente a gobierno totalmente liberal e insensible, que con sus pol\u00edticas p\u00fablicas ha llegado a superar los 150 mil despidos en el pa\u00eds, de los cuales el 40% son de la administraci\u00f3n p\u00fablica y el 60% privados. Adem\u00e1s, compa\u00f1eros se prev\u00e9 que van a superar los 200 mil despidos\u201d.<\/span><\/p>\n<p style=\"line-height: 12.0pt;\"><img loading=\"lazy\" decoding=\"async\" class=\"aligncenter size-full wp-image-6885\" src=\"http:\/\/www.atecordoba.org\/wp-content\/uploads\/2016\/05\/DSC_0560-e1464122979511.jpg\" alt=\"DSC_0560\" width=\"550\" height=\"309\" \/><\/p>\n<p style=\"line-height: 12.0pt;\"><span style=\"font-size: 11.0pt; font-family: 'Georgia','serif'; color: #333333;\">\u201cVemos con asombro como vetan la ley antidespidos, que daba un respiro de seis meses a los trabajadores, porque no les interesa mantener el trabajo\u201d, afirm\u00f3 la dirigente. <\/span><\/p>\n<p style=\"line-height: 12.0pt;\"><span style=\"font-size: 11.0pt; font-family: 'Georgia','serif'; color: #333333;\">Salerno analiz\u00f3 que \u201cseg\u00fan ellos bajar\u00e1 la inflaci\u00f3n en el segundo semestre pero nadie les cree, sabemos que la inflaci\u00f3n va a seguir a pasos agigantados. La ministra del exterior Malcorra dice que \u2018el Estado no tiene porque garantizar el trabajo\u2019, y si no lo garantiza el Estado qui\u00e9n lo va a garantizar, a d\u00f3nde vamos a recurrir. Dicen que necesitan de las inversiones de las empresas multinacionales en nuestro pa\u00eds, nosotros tambi\u00e9n queremos inversiones peor por qu\u00e9 primero despedir tantos trabajadores si esto va a estar solucionado en seis meses\u201d.<\/span><\/p>\n<p style=\"line-height: 12.0pt;\"><img loading=\"lazy\" decoding=\"async\" class=\"aligncenter size-full wp-image-6886\" src=\"http:\/\/www.atecordoba.org\/wp-content\/uploads\/2016\/05\/DSC_0550-e1464123102895.jpg\" alt=\"DSC_0550\" width=\"550\" height=\"309\" \/><\/p>\n<p style=\"line-height: 12.0pt;\"><span style=\"font-size: 11.0pt; font-family: 'Georgia','serif'; color: #333333;\">Y concluy\u00f3: \u201ces mentira. Sabemos que nos van a llevar a un callej\u00f3n sin salida porque no les importa el costo social, solo necesitan endeudar este pa\u00eds y permitirles a las provincias que se endeuden en el extranjero para dejarnos en la total miseria. Ya lo vivimos, los que somos mayores nos acordamos bien\u201d.<\/span><\/p>\n<p style=\"line-height: 12.0pt;\"><span style=\"font-size: 11.0pt; font-family: 'Georgia','serif'; color: #333333;\">La secretaria General asegur\u00f3 que \u201cpara luchar ante este panorama, tenemos que buscar la unidad sin que signifique amontonamiento. Para eso hay que dialogar mucho, para ponernos de acuerdo. Por ejemplo, los nacionales siempre tenemos que estar dependiendo de otro gremio que firma la paritaria y que siempre es oficialista aun cuando cambian los gobiernos. Nosotros tenemos otras pol\u00edticas gremiales y no nos casamos con ning\u00fan gobierno de turno\u201d.<\/span><\/p>\n<p style=\"line-height: 12.0pt;\"><img loading=\"lazy\" decoding=\"async\" class=\"aligncenter size-full wp-image-6887\" src=\"http:\/\/www.atecordoba.org\/wp-content\/uploads\/2016\/05\/DSC_0543-e1464123246284.jpg\" alt=\"DSC_0543\" width=\"550\" height=\"309\" \/><\/p>\n<p style=\"line-height: 12.0pt;\"><span style=\"font-size: 11.0pt; font-family: 'Georgia','serif'; color: #333333;\">Por \u00faltimo agradeci\u00f3 la presencia de las seccionales y delegaciones del interior provincial y pidi\u00f3 solidaridad \u201cel resto de los trabajadores que sufren los despidos y entender a aquellos compa\u00f1eros que sufrieron descuentos de sus salarios por los d\u00edas de paro. Tenemos que estar firmes para evitar que sigan masacrando a los trabajadores de la patria. Quiero recordar, por \u00faltimo, a los m\u00e1rtires del C\u00f3rdobazo, ya que el pr\u00f3ximo 29 de mayo se cumple un nuevo aniversario. Aquellos trabajadores se dieron la lucha por los derechos de los trabajadores y hoy los recordamos\u201d.<\/span><\/p>\n<p style=\"line-height: 12.0pt;\"><img loading=\"lazy\" decoding=\"async\" class=\"aligncenter size-full wp-image-6888\" src=\"http:\/\/www.atecordoba.org\/wp-content\/uploads\/2016\/05\/DSC_0523-copia-e1464123349679.jpg\" alt=\"DSC_0523 - copia\" width=\"309\" height=\"550\" \/><\/p>\n<p style=\"line-height: 12.0pt;\"><span style=\"font-size: 11.0pt; font-family: 'Georgia','serif'; color: #333333;\">A su turno, el secretario Adjunto de ATE, Luis Barcena, afirm\u00f3 que \u201cATE sali\u00f3 a manifestarse contra una pol\u00edtica de ajuste, que se baja desde la naci\u00f3n para cada provincia en su conjunto. Es un ajuste para la sociedad en su conjunto, por eso estamos todos en el mismo plan de lucha. La inflaci\u00f3n y los tarifazos los estamos sufriendo todos\u201d.<\/span><\/p>\n<p style=\"line-height: 12.0pt;\"><img loading=\"lazy\" decoding=\"async\" class=\"aligncenter size-full wp-image-6891\" src=\"http:\/\/www.atecordoba.org\/wp-content\/uploads\/2016\/05\/DSC_0579-e1464123558223.jpg\" alt=\"DSC_0579\" width=\"309\" height=\"550\" \/><\/p>\n<p style=\"line-height: 12.0pt;\">\n<p style=\"line-height: 12.0pt;\"><span style=\"font-size: 11.0pt; font-family: 'Georgia','serif'; color: #333333;\">\u201cEs por eso que pedimos un 45% salarial y rechazamos el 31% que UPCN acord\u00f3 a escondidas con el Estado nacional y el 25% que el SEP firm\u00f3 en un acuerdo pol\u00edtico con la provincia. Defendemos el trabajo y el salario digno, no aceptamos el ajuste\u201d, dijo B\u00e1rcena. El dirigente provincial garantiz\u00f3 tambi\u00e9n el compromiso de ATE para luchar por el 82% m\u00f3vil de los jubilados \u201cporque a esos compa\u00f1eros el gobierno les viene metiendo la mano en el bolsillo permanentemente, tanto en la Naci\u00f3n como en la Caja de Jubilaciones provincial.<\/span><\/p>\n<p style=\"line-height: 12.0pt;\"><strong><span style=\"font-size: 11.0pt; font-family: 'Georgia','serif'; color: #333333;\">Seccionales<\/span><\/strong><\/p>\n<p style=\"line-height: 12.0pt;\"><span style=\"font-size: 11.0pt; font-family: 'Georgia','serif'; color: #333333;\">Por su parte, el secretario General de R\u00edo Tercero, Cristian Colman, celebr\u00f3 \u201cel paro que estamos haciendo en cada rinc\u00f3n del pa\u00eds. Tenemos que seguir luchando, m\u00e1s fuertes y unidos que nunca, tambi\u00e9n para reclamar que la Municipalidad de C\u00f3rdoba levante la clausura de Dioxitek\u201d.<\/span><\/p>\n<p style=\"line-height: 12.0pt;\"><img loading=\"lazy\" decoding=\"async\" class=\"aligncenter size-full wp-image-6890\" src=\"http:\/\/www.atecordoba.org\/wp-content\/uploads\/2016\/05\/DSC_0576-e1464123475712.jpg\" alt=\"DSC_0576\" width=\"550\" height=\"309\" \/><\/p>\n<p style=\"line-height: 12.0pt;\"><span style=\"font-size: 11.0pt; font-family: 'Georgia','serif'; color: #333333;\">El dirigente, que proviene de la F\u00e1brica Militar de R\u00edo Tercero destac\u00f3 que \u201cATE tiene el 100% de los compa\u00f1eros afiliados en fabricaciones y no es casualidad porque nuestro gremio siempre fue coherente y el trabajador sabe que va a ir al frente para parar este gobierno de ajuste. Y sabemos que esta es una lucha que va para largo\u201d.<\/span><\/p>\n<p style=\"line-height: 12.0pt;\"><img loading=\"lazy\" decoding=\"async\" class=\"aligncenter size-full wp-image-6892\" src=\"http:\/\/www.atecordoba.org\/wp-content\/uploads\/2016\/05\/DSC_0577-e1464123626614.jpg\" alt=\"DSC_0577\" width=\"309\" height=\"550\" \/><\/p>\n<p style=\"line-height: 12.0pt;\"><span style=\"font-size: 11.0pt; font-family: 'Georgia','serif'; color: #333333;\">A su turno, el secretario Gremial de Villa Mar\u00eda, Jorge Heredia, asegur\u00f3 que \u201cestamos en la calle porque no traicionamos. Traemos el saludo fraterno de los compa\u00f1eros de Villa Mar\u00eda y repudiamos al gobierno nacional y provincial. ATE empez\u00f3 en diciembre con los paros y movilizaciones porque sab\u00edamos con que se ven\u00eda Macri y estamos convencidos que s\u00f3lo juntos y en la calle vamos a parar el ajuste\u201d.<\/span><\/p>\n<p>&nbsp;<\/p>\n","protected":false},"excerpt":{"rendered":"<p>Con la concurrencia de las seccionales Villa Mar\u00eda y R\u00edo Tercero, una gruesa columna de estatales se moviliz\u00f3 por el centro de la ciudad, encabezada por el secretariado provincial. \u00a0 En el marco del paro nacional que decret\u00f3 la conducci\u00f3n nacional de ATE, el Consejo Directivo Provincial realiz\u00f3 una movilizaci\u00f3n por el centro de C\u00f3rdoba [&hellip;]<\/p>\n","protected":false},"author":1,"featured_media":19220,"comment_status":"open","ping_status":"open","sticky":false,"template":"","format":"standard","meta":{"_exactmetrics_skip_tracking":false,"_exactmetrics_sitenote_active":false,"_exactmetrics_sitenote_note":"","_exactmetrics_sitenote_category":0,"jnews-multi-image_gallery":[],"jnews_single_post":[],"jnews_primary_category":[],"jnews_social_meta":[],"jnews_review":[],"enable_review":"","type":"","name":"","summary":"","brand":"","sku":"","good":[],"bad":[],"score_override":"","override_value":"","rating":[],"price":[],"jnews_override_counter":[],"jnews_post_split":[],"footnotes":""},"categories":[21],"tags":[],"class_list":["post-6880","post","type-post","status-publish","format-standard","has-post-thumbnail","hentry","category-paro-nacional"],"jetpack_featured_media_url":"https:\/\/atecordoba.org\/wp-content\/uploads\/2020\/05\/logo-nuevochico-e1561581322808.png","_links":{"self":[{"href":"https:\/\/atecordoba.org\/index.php?rest_route=\/wp\/v2\/posts\/6880","targetHints":{"allow":["GET"]}}],"collection":[{"href":"https:\/\/atecordoba.org\/index.php?rest_route=\/wp\/v2\/posts"}],"about":[{"href":"https:\/\/atecordoba.org\/index.php?rest_route=\/wp\/v2\/types\/post"}],"author":[{"embeddable":true,"href":"https:\/\/atecordoba.org\/index.php?rest_route=\/wp\/v2\/users\/1"}],"replies":[{"embeddable":true,"href":"https:\/\/atecordoba.org\/index.php?rest_route=%2Fwp%2Fv2%2Fcomments&post=6880"}],"version-history":[{"count":0,"href":"https:\/\/atecordoba.org\/index.php?rest_route=\/wp\/v2\/posts\/6880\/revisions"}],"wp:featuredmedia":[{"embeddable":true,"href":"https:\/\/atecordoba.org\/index.php?rest_route=\/wp\/v2\/media\/19220"}],"wp:attachment":[{"href":"https:\/\/atecordoba.org\/index.php?rest_route=%2Fwp%2Fv2%2Fmedia&parent=6880"}],"wp:term":[{"taxonomy":"category","embeddable":true,"href":"https:\/\/atecordoba.org\/index.php?rest_route=%2Fwp%2Fv2%2Fcategories&post=6880"},{"taxonomy":"post_tag","embeddable":true,"href":"https:\/\/atecordoba.org\/index.php?rest_route=%2Fwp%2Fv2%2Ftags&post=6880"}],"curies":[{"name":"wp","href":"https:\/\/api.w.org\/{rel}","templated":true}]}}