{"id":6877,"date":"2016-05-23T15:45:27","date_gmt":"2016-05-23T18:45:27","guid":{"rendered":"http:\/\/www.atecordoba.org\/?p=6877"},"modified":"2020-07-02T11:40:11","modified_gmt":"2020-07-02T14:40:11","slug":"asamblea-de-ate-anac-en-aeroparque-resolvio-paro-nacional-por-48-horas","status":"publish","type":"post","link":"https:\/\/atecordoba.org\/?p=6877","title":{"rendered":"Asamblea de ATE ANAC en Aeroparque resolvi\u00f3 paro nacional por 48 horas"},"content":{"rendered":"<p><em>Trabajadores de la Administraci\u00f3n Nacional de Aviaci\u00f3n Civil (ANAC) de aeropuertos de todo el pa\u00eds llevaron a cabo una movilizaci\u00f3n que culmin\u00f3 frente al Aeroparque Jorge Newbery, en Capital Federal, donde resolvieron en asamblea un paro nacional de 48 horas a realizarse en las pr\u00f3ximas semanas. Reclaman un Convenio Colectivo de Trabajo para el sector, recomposici\u00f3n salarial, el pase a planta, la apertura de concursos para todos los cargos y rechazan quedar bajo la \u00f3rbita militar.<\/em><\/p>\n<p><img loading=\"lazy\" decoding=\"async\" class=\"aligncenter size-full wp-image-6878\" src=\"http:\/\/www.atecordoba.org\/wp-content\/uploads\/2016\/05\/anac-aeroparque-e1464029021405.jpg\" alt=\"anac-aeroparque\" width=\"550\" height=\"290\" \/><\/p>\n<p><span style=\"font-style: inherit; font-weight: inherit;\">El viernes pasado\u00a0los trabajadores de ANAC -en su mayor\u00eda controladores a\u00e9reos- se movilizaron con el respaldo de compa\u00f1eros de numerosos sectores, tales como el INTI, la Secretar\u00eda de Agricultura Familiar y el Ministerio de Agroindustria, SENASA, entre otros. Estuvieron presentes los dirigentes del Consejo Directivo Nacional Julio Fuentes, Secretario Adjunto; Silvia Le\u00f3n, Secretaria de Organizaci\u00f3n; Leo V\u00e1zquez y Francisco Dolman, dirigentes de ATE Naci\u00f3n; entre otros.<\/span><\/p>\n<p><span style=\"font-style: inherit;\"><span style=\"font-style: inherit;\">En primer t\u00e9rmino la jornada nacional de lucha del sector arranc\u00f3 con una movilizaci\u00f3n desde la Av. Costanera y Salguero hasta el ingreso al Aeroparque Jorge Newbery. All\u00ed, los mas de 300 compa\u00f1eros realizaron una asamblea de la que participaron delegados del sector de Ezeiza, San Fernando, Aeroparque, Chaco, C\u00f3rdoba, Santa Cruz, Mendoza, San Luis, San Juan, Misiones, Chubut, entre otros. \u00a0<\/span><\/span><\/p>\n<p><span style=\"font-style: inherit; font-weight: inherit;\"><span style=\"font-style: inherit;\">\u201cNo queremos ning\u00fan control por parte del Ministerio de Defensa sobre el transporte a\u00e9reo\u201d, expres\u00f3 Marcelo Belelli<\/span><span style=\"font-style: inherit; font-weight: inherit;\">, delegado de Ezeiza y miembro de la coordinaci\u00f3n de ATE ANAC, haciendo referencia a las consignas que desde hace tiempo resuenan en el sector: \u201cAdem\u00e1s necesitamos que se resuelva urgente el pase a planta de todos los trabajadores para as\u00ed acabar con la incertidumbre laboral. Por eso es necesario decir basta de precarizaci\u00f3n en los servicios aeron\u00e1uticos\u201d.<\/span><\/span><\/p>\n<p><span style=\"font-style: inherit;\"><span style=\"font-style: inherit;\">Por otra parte, Belelli destac\u00f3: \u201cEs el momento de seguir dando muestras de unidad. Porque las diferencias que tuvimos en el pasado ya las resolvimos para poner el foco en las necesidades de los compa\u00f1eros\u201d.<\/span><\/span><\/p>\n<p><span style=\"font-style: inherit; font-weight: inherit;\"><span style=\"font-style: inherit; font-weight: inherit;\">Asimismo, Fernando Gatica, Secretario Adjunto de ATE San Luis y Coordinador Nacional de ATE ANAC Regional Cuyo, destac\u00f3: \u201cLa actividad de hoy es un hecho hist\u00f3rico. Cost\u00f3 mucho alcanzar el nivel de organizaci\u00f3n alcanzado\u201d.<\/span><\/span><\/p>\n<p><span style=\"font-style: inherit; font-weight: inherit;\"><span style=\"font-style: inherit; font-weight: inherit;\">\u201cTenemos que estar orgullosos de esta jornada, porque todos nosotros podemos mirar a los ojos a nuestros hijos y decirles que luchamos por su futuro, por defender lo que es justo. Y eso compa\u00f1ero, no es algo que puedan hacer muchos de estos funcionarios que s\u00f3lo quieren hacer negociados\u201d, lanz\u00f3Jorge Ravetti, Secretario General de ATE Seccional Ezeiza &#8211; Esteban Echeverr\u00eda &#8211; San Vicente.<\/span><\/span><\/p>\n<p><span style=\"font-style: inherit; font-weight: inherit;\"><span style=\"font-style: inherit; font-weight: inherit;\">\u00a0\u201cLos felicito compa\u00f1eros y compa\u00f1eras por el nivel de organizaci\u00f3n que hay en el ANAC. Hoy ATE es el gremio mayoritario del sector gracias al trabajo de todos ustedes\u201d, comenz\u00f3 Silvia Le\u00f3n, Secretaria de Organizaci\u00f3n de ATE, y areng\u00f3: \u201cMarchemos ahora todos juntos a construir el Paro Nacional del 24 de mayo. Vamos a copar las calles de todas las provincias para demostrarle a este Gobierno que, si bien coyunturalmente tuvieron una mayor\u00eda que les dio el voto, hoy hay un pueblo que est\u00e1 demostrando que va a resistir, y que se organiza atr\u00e1s de cada lucha y convocatoria. Este es nuestro pueblo, el de la resistencia creciente y organizada. El 24 de mayo va a ser un nuevo hito hist\u00f3rico cuando ATE est\u00e9 de nuevo en la calle junto al pueblo para exigirle al Gobierno que pare de avasallarnos. \u00a1Compa\u00f1eros y compa\u00f1eras, la fuerza est\u00e1 en todos nosotros!\u201d<\/span><\/span><\/p>\n","protected":false},"excerpt":{"rendered":"<p>Trabajadores de la Administraci\u00f3n Nacional de Aviaci\u00f3n Civil (ANAC) de aeropuertos de todo el pa\u00eds llevaron a cabo una movilizaci\u00f3n que culmin\u00f3 frente al Aeroparque Jorge Newbery, en Capital Federal, donde resolvieron en asamblea un paro nacional de 48 horas a realizarse en las pr\u00f3ximas semanas. Reclaman un Convenio Colectivo de Trabajo para el sector, [&hellip;]<\/p>\n","protected":false},"author":1,"featured_media":19220,"comment_status":"open","ping_status":"open","sticky":false,"template":"","format":"standard","meta":{"_exactmetrics_skip_tracking":false,"_exactmetrics_sitenote_active":false,"_exactmetrics_sitenote_note":"","_exactmetrics_sitenote_category":0,"jnews-multi-image_gallery":[],"jnews_single_post":[],"jnews_primary_category":[],"jnews_social_meta":[],"jnews_review":[],"enable_review":"","type":"","name":"","summary":"","brand":"","sku":"","good":[],"bad":[],"score_override":"","override_value":"","rating":[],"price":[],"jnews_override_counter":[],"jnews_post_split":[],"footnotes":""},"categories":[18],"tags":[33,347],"class_list":["post-6877","post","type-post","status-publish","format-standard","has-post-thumbnail","hentry","category-nacionales","tag-anac","tag-movimiento-aeronautico-cordobes-mac"],"jetpack_featured_media_url":"https:\/\/atecordoba.org\/wp-content\/uploads\/2020\/05\/logo-nuevochico-e1561581322808.png","_links":{"self":[{"href":"https:\/\/atecordoba.org\/index.php?rest_route=\/wp\/v2\/posts\/6877","targetHints":{"allow":["GET"]}}],"collection":[{"href":"https:\/\/atecordoba.org\/index.php?rest_route=\/wp\/v2\/posts"}],"about":[{"href":"https:\/\/atecordoba.org\/index.php?rest_route=\/wp\/v2\/types\/post"}],"author":[{"embeddable":true,"href":"https:\/\/atecordoba.org\/index.php?rest_route=\/wp\/v2\/users\/1"}],"replies":[{"embeddable":true,"href":"https:\/\/atecordoba.org\/index.php?rest_route=%2Fwp%2Fv2%2Fcomments&post=6877"}],"version-history":[{"count":1,"href":"https:\/\/atecordoba.org\/index.php?rest_route=\/wp\/v2\/posts\/6877\/revisions"}],"predecessor-version":[{"id":20562,"href":"https:\/\/atecordoba.org\/index.php?rest_route=\/wp\/v2\/posts\/6877\/revisions\/20562"}],"wp:featuredmedia":[{"embeddable":true,"href":"https:\/\/atecordoba.org\/index.php?rest_route=\/wp\/v2\/media\/19220"}],"wp:attachment":[{"href":"https:\/\/atecordoba.org\/index.php?rest_route=%2Fwp%2Fv2%2Fmedia&parent=6877"}],"wp:term":[{"taxonomy":"category","embeddable":true,"href":"https:\/\/atecordoba.org\/index.php?rest_route=%2Fwp%2Fv2%2Fcategories&post=6877"},{"taxonomy":"post_tag","embeddable":true,"href":"https:\/\/atecordoba.org\/index.php?rest_route=%2Fwp%2Fv2%2Ftags&post=6877"}],"curies":[{"name":"wp","href":"https:\/\/api.w.org\/{rel}","templated":true}]}}