{"id":6874,"date":"2016-05-23T15:37:45","date_gmt":"2016-05-23T18:37:45","guid":{"rendered":"http:\/\/www.atecordoba.org\/?p=6874"},"modified":"2016-05-23T15:37:45","modified_gmt":"2016-05-23T18:37:45","slug":"a-40-anos-del-secuestro-de-la-cd-de-la-seccional-santa-maria-de-punilla","status":"publish","type":"post","link":"https:\/\/atecordoba.org\/?p=6874","title":{"rendered":"A 40 a\u00f1os del secuestro de la CD de la seccional Santa Mar\u00eda de Punilla"},"content":{"rendered":"<p><em>Todo est\u00e1 guardado en la memoria. Este\u00a0jueves 26 de mayo se cumplir\u00e1n cuatro d\u00e9cadas\u00a0del secuestro de toda la comisi\u00f3n directiva de ATE en Santa Mar\u00eda de Punilla (C\u00f3rdoba), cuando la Dictadura\u00a0irrumpi\u00f3 con tanques en el Hospital Neuropsiqui\u00e1trico Santa Mar\u00eda.<\/em><\/p>\n<p><img loading=\"lazy\" decoding=\"async\" class=\"aligncenter size-full wp-image-6875\" src=\"http:\/\/www.atecordoba.org\/wp-content\/uploads\/2016\/05\/homenaje-santa-maria-de-punilla.png\" alt=\"homenaje santa maria de punilla\" width=\"550\" height=\"412\" \/><\/p>\n<p>Hace seis, el sindicato rindi\u00f3 homenaje a esos valientes trabajadores frente al Hospital Colonia donde fueron torturados. Un video recuerda aquel acto, que cont\u00f3 con la presencia de los dirigentes nacionales Julio Fuentes, Mar\u00eda Teresa Romero y Oscar Mengarelli<\/p>\n<p><span style=\"font-style: inherit; font-weight: inherit;\"><span style=\"font-style: inherit; font-weight: inherit;\">Santa Mar\u00eda de Punilla es un pueblo del valle hom\u00f3nimo, ubicado a tres kil\u00f3metros de Cosqu\u00edn. El 26 de mayo de 1976, la dictadura militar secuestr\u00f3 all\u00ed a 70 militantes, quienes fueron torturados en el Hospital Colonia Santa Mar\u00eda de Punilla: un neuropsiqui\u00e1trico que funcion\u00f3 como centro clandestino bajo el mando de la Fuerza A\u00e9rea. \u00a0<\/span><\/span><\/p>\n<p><span style=\"font-style: inherit; font-weight: inherit;\"><span style=\"font-style: inherit; font-weight: inherit;\">El establecimiento no hab\u00eda sido se\u00f1alizado como tal hasta el acto que organiz\u00f3 ATE el 26 de mayo de 2010, junto con la Mesa Permanente por los Derechos Humanos de Santa Mar\u00eda de Punilla y la Asociaci\u00f3n de ex Presos Pol\u00edticos.<\/span><\/span><\/p>\n<p><span style=\"font-style: inherit; font-weight: inherit;\"><span style=\"font-style: inherit; font-weight: inherit;\">Julio Fuentes, en su segundo per\u00edodo como Secretario Adjunto de ATE, manifest\u00f3 que \u201cpor aquellos a\u00f1os el gremio estaba en manos de los traidores, como <span style=\"font-style: inherit; font-weight: inherit;\">Juan Horvath, pero tambi\u00e9n ten\u00edamos hombres como \u00e9stos: valientes\u201d.<\/span><\/span><\/span><\/p>\n<p><span style=\"font-style: inherit; font-weight: inherit;\"><span style=\"font-style: inherit; font-weight: inherit;\"><span style=\"font-style: inherit; font-weight: inherit;\">Tambi\u00e9n participaron de la actividad la entonces Secretaria General de C\u00f3rdoba y hoy Secretaria nacional de Formaci\u00f3n, Mar\u00eda Teresa Romero, y quien fuese Secretario General de la CTA provincial, actualmente integrante de la comisi\u00f3n normalizadora del Centro Nacional de Jubilados de ATE, Oscar Mengarelli.<\/span><\/span><\/span><\/p>\n<p><span style=\"font-style: inherit; font-weight: inherit;\"><span style=\"font-style: inherit; font-weight: inherit;\">Carlos Carranza era Secretario General de la comisi\u00f3n directiva de la seccional en 1976: \u201c\u00c9ramos un grupo de j\u00f3venes cargados de compromiso, m\u00edstica, solidaridad y esperanza en la b\u00fasqueda de reivindicaciones sindicales y calidad de vida y dignidad para los enfermos mentales que eran la raz\u00f3n de nuestro trabajo\u201d, expres\u00f3 en el homenaje de 2010.<\/span><\/span><\/p>\n<p><span style=\"font-style: inherit; font-weight: inherit;\"><span style=\"font-style: inherit; font-weight: inherit;\">\u201cUn 26 de mayo, un d\u00eda tan nublado y fr\u00edo como hoy, apareci\u00f3 la garra artera disfrazada por los hombres que representaban a las Fuerzas Armadas que no s\u00f3lo vinieron a aplastar nuestros proyectos, sino a detener este trabajo con otras organizaciones, porque est\u00e1bamos luchando por una pluralidad ideol\u00f3gica\u201d, finaliz\u00f3.<\/span><\/span><\/p>\n","protected":false},"excerpt":{"rendered":"<p>Todo est\u00e1 guardado en la memoria. Este\u00a0jueves 26 de mayo se cumplir\u00e1n cuatro d\u00e9cadas\u00a0del secuestro de toda la comisi\u00f3n directiva de ATE en Santa Mar\u00eda de Punilla (C\u00f3rdoba), cuando la Dictadura\u00a0irrumpi\u00f3 con tanques en el Hospital Neuropsiqui\u00e1trico Santa Mar\u00eda. Hace seis, el sindicato rindi\u00f3 homenaje a esos valientes trabajadores frente al Hospital Colonia donde fueron [&hellip;]<\/p>\n","protected":false},"author":1,"featured_media":19220,"comment_status":"open","ping_status":"open","sticky":false,"template":"","format":"standard","meta":{"_exactmetrics_skip_tracking":false,"_exactmetrics_sitenote_active":false,"_exactmetrics_sitenote_note":"","_exactmetrics_sitenote_category":0,"jnews-multi-image_gallery":[],"jnews_single_post":[],"jnews_primary_category":[],"jnews_social_meta":[],"jnews_review":[],"enable_review":"","type":"","name":"","summary":"","brand":"","sku":"","good":[],"bad":[],"score_override":"","override_value":"","rating":[],"price":[],"jnews_override_counter":[],"jnews_post_split":[],"footnotes":""},"categories":[122],"tags":[],"class_list":["post-6874","post","type-post","status-publish","format-standard","has-post-thumbnail","hentry","category-ddhh"],"jetpack_featured_media_url":"https:\/\/atecordoba.org\/wp-content\/uploads\/2020\/05\/logo-nuevochico-e1561581322808.png","_links":{"self":[{"href":"https:\/\/atecordoba.org\/index.php?rest_route=\/wp\/v2\/posts\/6874","targetHints":{"allow":["GET"]}}],"collection":[{"href":"https:\/\/atecordoba.org\/index.php?rest_route=\/wp\/v2\/posts"}],"about":[{"href":"https:\/\/atecordoba.org\/index.php?rest_route=\/wp\/v2\/types\/post"}],"author":[{"embeddable":true,"href":"https:\/\/atecordoba.org\/index.php?rest_route=\/wp\/v2\/users\/1"}],"replies":[{"embeddable":true,"href":"https:\/\/atecordoba.org\/index.php?rest_route=%2Fwp%2Fv2%2Fcomments&post=6874"}],"version-history":[{"count":0,"href":"https:\/\/atecordoba.org\/index.php?rest_route=\/wp\/v2\/posts\/6874\/revisions"}],"wp:featuredmedia":[{"embeddable":true,"href":"https:\/\/atecordoba.org\/index.php?rest_route=\/wp\/v2\/media\/19220"}],"wp:attachment":[{"href":"https:\/\/atecordoba.org\/index.php?rest_route=%2Fwp%2Fv2%2Fmedia&parent=6874"}],"wp:term":[{"taxonomy":"category","embeddable":true,"href":"https:\/\/atecordoba.org\/index.php?rest_route=%2Fwp%2Fv2%2Fcategories&post=6874"},{"taxonomy":"post_tag","embeddable":true,"href":"https:\/\/atecordoba.org\/index.php?rest_route=%2Fwp%2Fv2%2Ftags&post=6874"}],"curies":[{"name":"wp","href":"https:\/\/api.w.org\/{rel}","templated":true}]}}