{"id":6872,"date":"2016-05-23T15:01:07","date_gmt":"2016-05-23T18:01:07","guid":{"rendered":"http:\/\/www.atecordoba.org\/?p=6872"},"modified":"2016-05-23T15:01:07","modified_gmt":"2016-05-23T18:01:07","slug":"24-de-mayo-paro-nacional-de-ate-con-movilizacion","status":"publish","type":"post","link":"https:\/\/atecordoba.org\/?p=6872","title":{"rendered":"24 de mayo: paro nacional de ATE con movilizaci\u00f3n"},"content":{"rendered":"<p><strong><em>El Consejo Directivo Provincial convoca a los trabajadores estatales de la provincia de C\u00f3rdoba al paro de actividades para <span id=\"OBJ_PREFIX_DWT163_com_zimbra_date\" class=\"Object\">ma\u00f1ana<\/span> martes <span id=\"OBJ_PREFIX_DWT164_com_zimbra_date\" class=\"Object\">24 de mayo\u00a0<\/span>en reclamo de un aumento salarial del 45% para nacionales, provinciales y municipales.<\/em><\/strong><\/p>\n<p><img loading=\"lazy\" decoding=\"async\" class=\"aligncenter size-full wp-image-6699\" src=\"http:\/\/www.atecordoba.org\/wp-content\/uploads\/2016\/04\/DSC_0400.png\" alt=\"DSC_0400\" width=\"550\" height=\"309\" \/><\/p>\n<p>La medida de fuerza se fundamenta en el rechazo a la oferta salarial realizada por el gobierno de Mauricio Macri, de un insuficiente\u00a031% en tres cuotas, toda vez que nuestro gremio plante\u00f3 una recomposici\u00f3n salarial del 45%. Adem\u00e1s ATE convoca a todos los trabajadores a participar del paro para repudiar el veto presidencial a la ley\u00a0antidespidos, que contemplaba la doble indemnizaci\u00f3n por 180 d\u00edas. De esta forma, Macri muestra una vez m\u00e1s que no tiene en cuenta las necesidades de los trabajadores, p\u00fablicos ni privados, en esta dif\u00edcil coyuntura por la que atravesamos, con despidos en todos los sectores.<\/p>\n<p>A su vez en el \u00e1mbito provincial, los trabajadores seguimos reclamando la reapertura de la discusi\u00f3n salarial, debido a que el 25% otorgado para todo el a\u00f1o, menor aun que el dispuesto a nivel nacional, es absolutamente insuficiente para las necesidades de los trabajadores y sus familias.<\/p>\n<p>ATE reclama un aumento del 45% que compense la escalada de precios, tarifazos e impuestazos, ya que ning\u00fan trabajador puede sostener a su familia con menos de 18500 pesos, seg\u00fan lo estableci\u00f3 el observatorio social de la CTA aut\u00f3noma.<\/p>\n<p>El paro se realizar\u00e1 con la modalidad de abandono de tareas a las 9 horas y concentraci\u00f3n en sede de ATE a las 10.<\/p>\n","protected":false},"excerpt":{"rendered":"<p>El Consejo Directivo Provincial convoca a los trabajadores estatales de la provincia de C\u00f3rdoba al paro de actividades para ma\u00f1ana martes 24 de mayo\u00a0en reclamo de un aumento salarial del 45% para nacionales, provinciales y municipales. La medida de fuerza se fundamenta en el rechazo a la oferta salarial realizada por el gobierno de Mauricio [&hellip;]<\/p>\n","protected":false},"author":1,"featured_media":19220,"comment_status":"open","ping_status":"open","sticky":false,"template":"","format":"standard","meta":{"_exactmetrics_skip_tracking":false,"_exactmetrics_sitenote_active":false,"_exactmetrics_sitenote_note":"","_exactmetrics_sitenote_category":0,"jnews-multi-image_gallery":[],"jnews_single_post":[],"jnews_primary_category":[],"jnews_social_meta":[],"jnews_review":[],"enable_review":"","type":"","name":"","summary":"","brand":"","sku":"","good":[],"bad":[],"score_override":"","override_value":"","rating":[],"price":[],"jnews_override_counter":[],"jnews_post_split":[],"footnotes":""},"categories":[21],"tags":[],"class_list":["post-6872","post","type-post","status-publish","format-standard","has-post-thumbnail","hentry","category-paro-nacional"],"jetpack_featured_media_url":"https:\/\/atecordoba.org\/wp-content\/uploads\/2020\/05\/logo-nuevochico-e1561581322808.png","_links":{"self":[{"href":"https:\/\/atecordoba.org\/index.php?rest_route=\/wp\/v2\/posts\/6872","targetHints":{"allow":["GET"]}}],"collection":[{"href":"https:\/\/atecordoba.org\/index.php?rest_route=\/wp\/v2\/posts"}],"about":[{"href":"https:\/\/atecordoba.org\/index.php?rest_route=\/wp\/v2\/types\/post"}],"author":[{"embeddable":true,"href":"https:\/\/atecordoba.org\/index.php?rest_route=\/wp\/v2\/users\/1"}],"replies":[{"embeddable":true,"href":"https:\/\/atecordoba.org\/index.php?rest_route=%2Fwp%2Fv2%2Fcomments&post=6872"}],"version-history":[{"count":0,"href":"https:\/\/atecordoba.org\/index.php?rest_route=\/wp\/v2\/posts\/6872\/revisions"}],"wp:featuredmedia":[{"embeddable":true,"href":"https:\/\/atecordoba.org\/index.php?rest_route=\/wp\/v2\/media\/19220"}],"wp:attachment":[{"href":"https:\/\/atecordoba.org\/index.php?rest_route=%2Fwp%2Fv2%2Fmedia&parent=6872"}],"wp:term":[{"taxonomy":"category","embeddable":true,"href":"https:\/\/atecordoba.org\/index.php?rest_route=%2Fwp%2Fv2%2Fcategories&post=6872"},{"taxonomy":"post_tag","embeddable":true,"href":"https:\/\/atecordoba.org\/index.php?rest_route=%2Fwp%2Fv2%2Ftags&post=6872"}],"curies":[{"name":"wp","href":"https:\/\/api.w.org\/{rel}","templated":true}]}}