{"id":6868,"date":"2016-05-20T17:38:35","date_gmt":"2016-05-20T20:38:35","guid":{"rendered":"http:\/\/www.atecordoba.org\/?p=6868"},"modified":"2016-05-20T17:38:35","modified_gmt":"2016-05-20T20:38:35","slug":"plenario-de-delegados-confirmo-el-paro-nacional-del-24-de-mayo","status":"publish","type":"post","link":"https:\/\/atecordoba.org\/?p=6868","title":{"rendered":"Plenario de delegados confirm\u00f3 el paro nacional del 24 de mayo"},"content":{"rendered":"<p><em>Convocado por la Comisi\u00f3n Directiva, el plenario de delegados nacionales y provinciales reunido hoy en la sede de<br \/>\nATE \u00a0resolvi\u00f3 realizar el paro de actividades el pr\u00f3ximo 24 de mayo, en l\u00ednea con lo resuelto a nivel nacional.<\/em><\/p>\n<p><img loading=\"lazy\" decoding=\"async\" class=\"aligncenter size-full wp-image-6869\" src=\"http:\/\/www.atecordoba.org\/wp-content\/uploads\/2016\/05\/IMG-20160520-WA0034-e1463776692204.jpg\" alt=\"IMG-20160520-WA0034\" width=\"550\" height=\"412\" \/><\/p>\n<p>La medida de fuerza se fundamenta en el rechazo a la oferta salarial realizada por el gobierno de Mauricio Macri, de un insuficiente\u00a031% en tres cuotas. Adem\u00e1s ATE convoca a todos los trabajadores a participar del paro para repudiar el veto presidencial a la ley\u00a0antidespidos, que contemplaba la doble indemnizaci\u00f3n por 180 d\u00edas. De esta forma, Macri muestra una vez m\u00e1s que no tiene en cuenta las necesidades de los trabajadores, p\u00fablicos ni privados, en esta dif\u00edcil coyuntura por la que atravesamos, con despidos en todos los sectores.<\/p>\n<p>A su vez en el \u00e1mbito provincial, los trabajadores seguimos reclamando la reapertura de la discusi\u00f3n salarial, debido a que el 25% otorgado para todo el a\u00f1o, menor aun que el dispuesto a nivel nacional, es absolutamente insuficiente para las necesidades de los trabajadores y sus familias.<\/p>\n<p>ATE reclama un aumento del 45% que compense la escalada de precios, tarifazos e impuestazos, ya que ning\u00fan trabajador puede sostener a su familia con menos de 18500 pesos, seg\u00fan lo estableci\u00f3 el observatorio social de la CTA aut\u00f3noma.<\/p>\n<p>El paro se realizar\u00e1 con la modalidad de abandono de tareas a las 9 horas y concentraci\u00f3n en sede de ATE a las 10.<\/p>\n","protected":false},"excerpt":{"rendered":"<p>Convocado por la Comisi\u00f3n Directiva, el plenario de delegados nacionales y provinciales reunido hoy en la sede de ATE \u00a0resolvi\u00f3 realizar el paro de actividades el pr\u00f3ximo 24 de mayo, en l\u00ednea con lo resuelto a nivel nacional. La medida de fuerza se fundamenta en el rechazo a la oferta salarial realizada por el gobierno [&hellip;]<\/p>\n","protected":false},"author":1,"featured_media":19220,"comment_status":"open","ping_status":"open","sticky":false,"template":"","format":"standard","meta":{"_exactmetrics_skip_tracking":false,"_exactmetrics_sitenote_active":false,"_exactmetrics_sitenote_note":"","_exactmetrics_sitenote_category":0,"jnews-multi-image_gallery":[],"jnews_single_post":[],"jnews_primary_category":[],"jnews_social_meta":[],"jnews_review":[],"enable_review":"","type":"","name":"","summary":"","brand":"","sku":"","good":[],"bad":[],"score_override":"","override_value":"","rating":[],"price":[],"jnews_override_counter":[],"jnews_post_split":[],"footnotes":""},"categories":[21,123],"tags":[],"class_list":["post-6868","post","type-post","status-publish","format-standard","has-post-thumbnail","hentry","category-paro-nacional","category-paro-provincial"],"jetpack_featured_media_url":"https:\/\/atecordoba.org\/wp-content\/uploads\/2020\/05\/logo-nuevochico-e1561581322808.png","_links":{"self":[{"href":"https:\/\/atecordoba.org\/index.php?rest_route=\/wp\/v2\/posts\/6868","targetHints":{"allow":["GET"]}}],"collection":[{"href":"https:\/\/atecordoba.org\/index.php?rest_route=\/wp\/v2\/posts"}],"about":[{"href":"https:\/\/atecordoba.org\/index.php?rest_route=\/wp\/v2\/types\/post"}],"author":[{"embeddable":true,"href":"https:\/\/atecordoba.org\/index.php?rest_route=\/wp\/v2\/users\/1"}],"replies":[{"embeddable":true,"href":"https:\/\/atecordoba.org\/index.php?rest_route=%2Fwp%2Fv2%2Fcomments&post=6868"}],"version-history":[{"count":0,"href":"https:\/\/atecordoba.org\/index.php?rest_route=\/wp\/v2\/posts\/6868\/revisions"}],"wp:featuredmedia":[{"embeddable":true,"href":"https:\/\/atecordoba.org\/index.php?rest_route=\/wp\/v2\/media\/19220"}],"wp:attachment":[{"href":"https:\/\/atecordoba.org\/index.php?rest_route=%2Fwp%2Fv2%2Fmedia&parent=6868"}],"wp:term":[{"taxonomy":"category","embeddable":true,"href":"https:\/\/atecordoba.org\/index.php?rest_route=%2Fwp%2Fv2%2Fcategories&post=6868"},{"taxonomy":"post_tag","embeddable":true,"href":"https:\/\/atecordoba.org\/index.php?rest_route=%2Fwp%2Fv2%2Ftags&post=6868"}],"curies":[{"name":"wp","href":"https:\/\/api.w.org\/{rel}","templated":true}]}}