{"id":6857,"date":"2016-05-18T11:21:19","date_gmt":"2016-05-18T14:21:19","guid":{"rendered":"http:\/\/www.atecordoba.org\/?p=6857"},"modified":"2016-05-18T11:21:19","modified_gmt":"2016-05-18T14:21:19","slug":"ate-nacional-se-reune-hoy-con-el-ministro-triaca-con-reclamos-de-apertura-paritaria","status":"publish","type":"post","link":"https:\/\/atecordoba.org\/?p=6857","title":{"rendered":"ATE nacional se re\u00fane hoy con el ministro Triaca con reclamos de apertura paritaria"},"content":{"rendered":"<p><em>La conducci\u00f3n desminti\u00f3 versiones que circularon ayer sobre la pauta salarial que habr\u00eda otorgado Macri y hoy se re\u00fane con el ministro de Trabajo de la Naci\u00f3n.<\/em><\/p>\n<p><img loading=\"lazy\" decoding=\"async\" class=\"aligncenter size-full wp-image-6858\" src=\"http:\/\/www.atecordoba.org\/wp-content\/uploads\/2016\/05\/ate-triaca-e1463581212251.jpg\" alt=\"ate-triaca\" width=\"550\" height=\"290\" \/><\/p>\n<p>Tras los comunicados difundidos por otros gremios, la Asociaci\u00f3n de Trabajadores del Estado desmiente categ\u00f3ricamente haber logrado un acuerdo de aumento salarial con el Gobierno Nacional.<\/p>\n<p>ATE fue convocado por el Ministerio de Trabajo para el d\u00eda de ma\u00f1ana, mi\u00e9rcoles 18 de Mayo a las 10.30 hs, por lo cual, cualquier trascendido de monto o porcentajes hecho p\u00fablico carece de validez alguna por nuestro gremio.<\/p>\n<p>Ma\u00f1ana iremos a la reuni\u00f3n paritaria con el mandato que nos otorgaron los m\u00e1s de 400 afiliados del Estado Nacional en el plenario realizado el pasado jueves en la sede de ATE.<\/p>\n<p>En dicho plenario se resolvi\u00f3 exigir un aumento salarial de 45%, ning\u00fan trabajador estatal por debajo de $18.500 que surge de la canasta b\u00e1sica familiar, pase a planta permanente y reincorporaci\u00f3n ya de todos los trabajadores injustamente despedidos.<\/p>\n","protected":false},"excerpt":{"rendered":"<p>La conducci\u00f3n desminti\u00f3 versiones que circularon ayer sobre la pauta salarial que habr\u00eda otorgado Macri y hoy se re\u00fane con el ministro de Trabajo de la Naci\u00f3n. Tras los comunicados difundidos por otros gremios, la Asociaci\u00f3n de Trabajadores del Estado desmiente categ\u00f3ricamente haber logrado un acuerdo de aumento salarial con el Gobierno Nacional. ATE fue [&hellip;]<\/p>\n","protected":false},"author":1,"featured_media":19220,"comment_status":"open","ping_status":"open","sticky":false,"template":"","format":"standard","meta":{"_exactmetrics_skip_tracking":false,"_exactmetrics_sitenote_active":false,"_exactmetrics_sitenote_note":"","_exactmetrics_sitenote_category":0,"jnews-multi-image_gallery":[],"jnews_single_post":[],"jnews_primary_category":[],"jnews_social_meta":[],"jnews_review":[],"enable_review":"","type":"","name":"","summary":"","brand":"","sku":"","good":[],"bad":[],"score_override":"","override_value":"","rating":[],"price":[],"jnews_override_counter":[],"jnews_post_split":[],"footnotes":""},"categories":[18],"tags":[],"class_list":["post-6857","post","type-post","status-publish","format-standard","has-post-thumbnail","hentry","category-nacionales"],"jetpack_featured_media_url":"https:\/\/atecordoba.org\/wp-content\/uploads\/2020\/05\/logo-nuevochico-e1561581322808.png","_links":{"self":[{"href":"https:\/\/atecordoba.org\/index.php?rest_route=\/wp\/v2\/posts\/6857","targetHints":{"allow":["GET"]}}],"collection":[{"href":"https:\/\/atecordoba.org\/index.php?rest_route=\/wp\/v2\/posts"}],"about":[{"href":"https:\/\/atecordoba.org\/index.php?rest_route=\/wp\/v2\/types\/post"}],"author":[{"embeddable":true,"href":"https:\/\/atecordoba.org\/index.php?rest_route=\/wp\/v2\/users\/1"}],"replies":[{"embeddable":true,"href":"https:\/\/atecordoba.org\/index.php?rest_route=%2Fwp%2Fv2%2Fcomments&post=6857"}],"version-history":[{"count":0,"href":"https:\/\/atecordoba.org\/index.php?rest_route=\/wp\/v2\/posts\/6857\/revisions"}],"wp:featuredmedia":[{"embeddable":true,"href":"https:\/\/atecordoba.org\/index.php?rest_route=\/wp\/v2\/media\/19220"}],"wp:attachment":[{"href":"https:\/\/atecordoba.org\/index.php?rest_route=%2Fwp%2Fv2%2Fmedia&parent=6857"}],"wp:term":[{"taxonomy":"category","embeddable":true,"href":"https:\/\/atecordoba.org\/index.php?rest_route=%2Fwp%2Fv2%2Fcategories&post=6857"},{"taxonomy":"post_tag","embeddable":true,"href":"https:\/\/atecordoba.org\/index.php?rest_route=%2Fwp%2Fv2%2Ftags&post=6857"}],"curies":[{"name":"wp","href":"https:\/\/api.w.org\/{rel}","templated":true}]}}