{"id":6850,"date":"2016-05-17T17:34:56","date_gmt":"2016-05-17T20:34:56","guid":{"rendered":"http:\/\/www.atecordoba.org\/?p=6850"},"modified":"2016-05-17T17:34:56","modified_gmt":"2016-05-17T20:34:56","slug":"plenario-nacional-de-ffmm-denuncia-vaciamiento-del-sector-y-lanza-plan-de-lucha","status":"publish","type":"post","link":"https:\/\/atecordoba.org\/?p=6850","title":{"rendered":"Plenario nacional de FFMM denuncia vaciamiento del sector y lanza plan de lucha"},"content":{"rendered":"<p><em>Reunido en Villa Mar\u00eda, con la representaci\u00f3n de las cinco plantas productivas de Fabricaciones Militares, y presidido por la secretaria General de ATE C\u00f3rdoba, Mar\u00eda Liliana Salerno, y la secretaria de Organizaci\u00f3n Nacional, Silvia Le\u00f3n, el plenario de trabajadores denunci\u00f3 la falta de inversiones y planes de producci\u00f3n con el objetivo de desguazar el sector. Adem\u00e1s, se adhiri\u00f3 a la jornada de protesta de ma\u00f1ana y al paro nacional del 24 del corriente.<\/em><\/p>\n<p><img loading=\"lazy\" decoding=\"async\" class=\"aligncenter size-full wp-image-6851\" src=\"http:\/\/www.atecordoba.org\/wp-content\/uploads\/2016\/05\/gorozo-e1463517193881.jpg\" alt=\"gorozo\" width=\"550\" height=\"413\" \/><\/p>\n<p>En la oportunidad, estuvieron presentes los compa\u00f1eros de las f\u00e1bricas de R\u00edo Tercero, Villa Mar\u00eda, Azul, Fray Luis Beltran y Jachal, m\u00e1s la sede central.<\/p>\n<p>Despu\u00e9s del debate, los trabajadores expresaron en sus conclusiones que\u00a0el Gobierno Nacional &#8220;lleva adelante una pol\u00edtica de vaciamiento de la DGFM, que se expresa en la falta de planes de producci\u00f3n, comercializaci\u00f3n, mantenimiento y seguridad e higiene, con un objetivo concreto: el desguace de todas las f\u00e1bricas con su consecuente cierre.\u00a0Basta como ejemplo la primera medida tomada por las nuevas autoridades: despedir a todos los planteles de Producci\u00f3n, SALSEMA (Salud, Seguridad y Medio Ambiente), Planeamiento y Calidad de la Sede Central,\u00a0 sin ning\u00fan conocimiento ni evaluaci\u00f3n del personal. Sumado a ello, han manifestado p\u00fablicamente que no les interesa la producci\u00f3n de vagones, ni los productos qu\u00edmicos, ni la miner\u00eda. En definitiva no les interesa el desarrollo industrial de perfil nacional&#8221;.<\/p>\n<p><img loading=\"lazy\" decoding=\"async\" class=\"aligncenter size-full wp-image-6852\" src=\"http:\/\/www.atecordoba.org\/wp-content\/uploads\/2016\/05\/salerno-prensa-e1463517220662.jpg\" alt=\"salerno- prensa\" width=\"550\" height=\"413\" \/><\/p>\n<p>En tal\u00a0sentido, el plenario declar\u00f3 que &#8220;creemos que hoy m\u00e1s que nunca corresponde la UNIDAD en la acci\u00f3n para fortalecer nuestra soberan\u00eda nacional con Memoria, Verdad y Justicia.\u00a0Buscamos la unidad en la lucha, que incluya al conjunto de los trabajadores, no s\u00f3lo los estatales sino \u00a0a todos aquellos que creen que es importante mantener las conquistas y profundizarlas a partir de apropiarnos de los derechos adquiridos&#8221;.<\/p>\n<p><img loading=\"lazy\" decoding=\"async\" class=\"aligncenter size-full wp-image-6853\" src=\"http:\/\/www.atecordoba.org\/wp-content\/uploads\/2016\/05\/bandera-villa-maria-e1463517249693.jpg\" alt=\"bandera villa maria\" width=\"550\" height=\"413\" \/><\/p>\n<p>Por todo ello, reclamaron el fin de los despidos, la\u00a0reincorporaci\u00f3n inmediata de los compa\u00f1eros despedidos, el\u00a0pase a planta permanente de todos los trabajadores de la\u00a0Direcci\u00f3n General de Fabricaciones Militares, la\u00a0apertura del convenio colectivo de trabajo sectorial, la\u00a0publicaci\u00f3n de los cargos de planta permanente concursados en 2015, el rechazo al\u00a0vaciamiento \u00a0y al cierre de las f\u00e1bricas. Adem\u00e1s, plantearon la necesidad de que el gobierno haga una\u00a0presentaci\u00f3n urgente de un plan de producci\u00f3n coherente para reactivar todas las dependencias de la\u00a0DGFM,\u00a0poner en funcionamiento los comit\u00e9s mixtos de seguridad e higiene y las comisiones participativas locales y nacional, as\u00ed como un\u00a0aumento salarial acorde al costo de la canasta b\u00e1sica familiar.<\/p>\n<h5>Plan de acci\u00f3n<\/h5>\n<p><img loading=\"lazy\" decoding=\"async\" class=\"aligncenter size-full wp-image-6854\" src=\"http:\/\/www.atecordoba.org\/wp-content\/uploads\/2016\/05\/bandera-2-e1463517272636.jpg\" alt=\"bandera 2\" width=\"550\" height=\"413\" \/><\/p>\n<p>El plenario resolvi\u00f3 adherir a la Jornada de Protesta del d\u00eda 18 de mayo de 2016 y el Paro Nacional del d\u00eda 24 de mayo de 2016, convocados por el Consejo Directivo Nacional de ATE. Posteriormente los trabajadores participar\u00e1n del\u00a0acto de conmemoraci\u00f3n del 79\u00ba aniversario de la creaci\u00f3n de la F\u00e1brica Militar de P\u00f3lvoras y Explosivos Villa Mar\u00eda, el 31 de mayo en la Plaza Centenario de dicha\u00a0ciudad; solicitar, con car\u00e1cter urgente, una reuni\u00f3n al Interventor de la DGFM, H\u00e9ctor Lostri; y profundizar las medidas de acci\u00f3n en el mes de junio, de no haber respuesta al petitorio firmado en el d\u00eda de la fecha por el\u00a0plenario.<\/p>\n","protected":false},"excerpt":{"rendered":"<p>Reunido en Villa Mar\u00eda, con la representaci\u00f3n de las cinco plantas productivas de Fabricaciones Militares, y presidido por la secretaria General de ATE C\u00f3rdoba, Mar\u00eda Liliana Salerno, y la secretaria de Organizaci\u00f3n Nacional, Silvia Le\u00f3n, el plenario de trabajadores denunci\u00f3 la falta de inversiones y planes de producci\u00f3n con el objetivo de desguazar el sector. [&hellip;]<\/p>\n","protected":false},"author":1,"featured_media":19220,"comment_status":"open","ping_status":"open","sticky":false,"template":"","format":"standard","meta":{"_exactmetrics_skip_tracking":false,"_exactmetrics_sitenote_active":false,"_exactmetrics_sitenote_note":"","_exactmetrics_sitenote_category":0,"jnews-multi-image_gallery":[],"jnews_single_post":[],"jnews_primary_category":[],"jnews_social_meta":[],"jnews_review":[],"enable_review":"","type":"","name":"","summary":"","brand":"","sku":"","good":[],"bad":[],"score_override":"","override_value":"","rating":[],"price":[],"jnews_override_counter":[],"jnews_post_split":[],"footnotes":""},"categories":[17,18],"tags":[],"class_list":["post-6850","post","type-post","status-publish","format-standard","has-post-thumbnail","hentry","category-fabricaciones-militares","category-nacionales"],"jetpack_featured_media_url":"https:\/\/atecordoba.org\/wp-content\/uploads\/2020\/05\/logo-nuevochico-e1561581322808.png","_links":{"self":[{"href":"https:\/\/atecordoba.org\/index.php?rest_route=\/wp\/v2\/posts\/6850","targetHints":{"allow":["GET"]}}],"collection":[{"href":"https:\/\/atecordoba.org\/index.php?rest_route=\/wp\/v2\/posts"}],"about":[{"href":"https:\/\/atecordoba.org\/index.php?rest_route=\/wp\/v2\/types\/post"}],"author":[{"embeddable":true,"href":"https:\/\/atecordoba.org\/index.php?rest_route=\/wp\/v2\/users\/1"}],"replies":[{"embeddable":true,"href":"https:\/\/atecordoba.org\/index.php?rest_route=%2Fwp%2Fv2%2Fcomments&post=6850"}],"version-history":[{"count":0,"href":"https:\/\/atecordoba.org\/index.php?rest_route=\/wp\/v2\/posts\/6850\/revisions"}],"wp:featuredmedia":[{"embeddable":true,"href":"https:\/\/atecordoba.org\/index.php?rest_route=\/wp\/v2\/media\/19220"}],"wp:attachment":[{"href":"https:\/\/atecordoba.org\/index.php?rest_route=%2Fwp%2Fv2%2Fmedia&parent=6850"}],"wp:term":[{"taxonomy":"category","embeddable":true,"href":"https:\/\/atecordoba.org\/index.php?rest_route=%2Fwp%2Fv2%2Fcategories&post=6850"},{"taxonomy":"post_tag","embeddable":true,"href":"https:\/\/atecordoba.org\/index.php?rest_route=%2Fwp%2Fv2%2Ftags&post=6850"}],"curies":[{"name":"wp","href":"https:\/\/api.w.org\/{rel}","templated":true}]}}