{"id":6848,"date":"2016-05-17T17:43:36","date_gmt":"2016-05-17T20:43:36","guid":{"rendered":"http:\/\/www.atecordoba.org\/?p=6848"},"modified":"2016-05-17T17:43:36","modified_gmt":"2016-05-17T20:43:36","slug":"ate-recibe-manana-al-gobierno-nacional-con-una-jornada-provincial-de-protesta","status":"publish","type":"post","link":"https:\/\/atecordoba.org\/?p=6848","title":{"rendered":"ATE recibe ma\u00f1ana al gobierno nacional con una jornada provincial de protesta"},"content":{"rendered":"<p><em>Con miras al Paro Nacional resuelto por el plenario de estatales nacionales, el Consejo Directivo Provincial resolvi\u00f3 convocar una jornada provincial de protesta para ma\u00f1ana mi\u00e9rcoles 18 de mayo.<\/em><\/p>\n<p><img loading=\"lazy\" decoding=\"async\" class=\"aligncenter size-full wp-image-6849\" src=\"http:\/\/www.atecordoba.org\/wp-content\/uploads\/2016\/05\/afiche-18-5-final-e1463509220589.jpg\" alt=\"afiche 18-5 final\" width=\"550\" height=\"393\" \/><\/p>\n<p>Atento a la visita que funcionarios del gobierno nacional realizar\u00e1 ma\u00f1ana a C\u00f3rdoba, ATE convoca a una jornada de protesta en rechazo del ajuste que la gesti\u00f3n de Mauricio Macri impone al Estado nacional desde el comienzo de su mandato. Los estatales nacionales vienen desarrollando un plan de lucha por apertura de paritarias donde volcar el reclamo de un aumento salarial del 45% para todos los trabajadores. El gobierno, a su vez, no anunci\u00f3 aun el llamado a paritarias, mientras la inflaci\u00f3n, que el pasado abril tuvo su pico durante el 2016, carcome los salarios.<\/p>\n<p>La medida de protesta tambi\u00e9n obedece al conflicto de los trabajadores provinciales, ante la falta de respuestas del gobierno de Juan Schiaretti ante los reclamos salariales en el mismo sentido, tras dos masivos paros realizados los \u00faltimos 20 d\u00edas en el sector hospitalario. A esto se suma la falta de insumos en los centros de salud y de personal para atender a los pacientes y cumplir con los servicios en un per\u00edodo estacional de alta demanda, lo que pone en riesgo los servicios.<\/p>\n<p>Adem\u00e1s, ATE exige a la Provincia la devoluci\u00f3n de los descuentos arbitrarios realizados en los haberes de abril, en el marco del plan de lucha que llevan adelante los trabajadores provinciales por sus justas demandas.<\/p>\n<p>En consecuencia, ma\u00f1ana ATE convoca a los trabajadores a concentrarse a las 10 horas en la sede de nuestro gremio, Entre R\u00edos 450, para movilizarnos a Casa de Gobierno.<\/p>\n<p>&nbsp;<\/p>\n","protected":false},"excerpt":{"rendered":"<p>Con miras al Paro Nacional resuelto por el plenario de estatales nacionales, el Consejo Directivo Provincial resolvi\u00f3 convocar una jornada provincial de protesta para ma\u00f1ana mi\u00e9rcoles 18 de mayo. Atento a la visita que funcionarios del gobierno nacional realizar\u00e1 ma\u00f1ana a C\u00f3rdoba, ATE convoca a una jornada de protesta en rechazo del ajuste que la [&hellip;]<\/p>\n","protected":false},"author":1,"featured_media":19220,"comment_status":"open","ping_status":"open","sticky":false,"template":"","format":"standard","meta":{"_exactmetrics_skip_tracking":false,"_exactmetrics_sitenote_active":false,"_exactmetrics_sitenote_note":"","_exactmetrics_sitenote_category":0,"jnews-multi-image_gallery":[],"jnews_single_post":[],"jnews_primary_category":[],"jnews_social_meta":[],"jnews_review":[],"enable_review":"","type":"","name":"","summary":"","brand":"","sku":"","good":[],"bad":[],"score_override":"","override_value":"","rating":[],"price":[],"jnews_override_counter":[],"jnews_post_split":[],"footnotes":""},"categories":[18,21,8],"tags":[],"class_list":["post-6848","post","type-post","status-publish","format-standard","has-post-thumbnail","hentry","category-nacionales","category-paro-nacional","category-provinciales"],"jetpack_featured_media_url":"https:\/\/atecordoba.org\/wp-content\/uploads\/2020\/05\/logo-nuevochico-e1561581322808.png","_links":{"self":[{"href":"https:\/\/atecordoba.org\/index.php?rest_route=\/wp\/v2\/posts\/6848","targetHints":{"allow":["GET"]}}],"collection":[{"href":"https:\/\/atecordoba.org\/index.php?rest_route=\/wp\/v2\/posts"}],"about":[{"href":"https:\/\/atecordoba.org\/index.php?rest_route=\/wp\/v2\/types\/post"}],"author":[{"embeddable":true,"href":"https:\/\/atecordoba.org\/index.php?rest_route=\/wp\/v2\/users\/1"}],"replies":[{"embeddable":true,"href":"https:\/\/atecordoba.org\/index.php?rest_route=%2Fwp%2Fv2%2Fcomments&post=6848"}],"version-history":[{"count":0,"href":"https:\/\/atecordoba.org\/index.php?rest_route=\/wp\/v2\/posts\/6848\/revisions"}],"wp:featuredmedia":[{"embeddable":true,"href":"https:\/\/atecordoba.org\/index.php?rest_route=\/wp\/v2\/media\/19220"}],"wp:attachment":[{"href":"https:\/\/atecordoba.org\/index.php?rest_route=%2Fwp%2Fv2%2Fmedia&parent=6848"}],"wp:term":[{"taxonomy":"category","embeddable":true,"href":"https:\/\/atecordoba.org\/index.php?rest_route=%2Fwp%2Fv2%2Fcategories&post=6848"},{"taxonomy":"post_tag","embeddable":true,"href":"https:\/\/atecordoba.org\/index.php?rest_route=%2Fwp%2Fv2%2Ftags&post=6848"}],"curies":[{"name":"wp","href":"https:\/\/api.w.org\/{rel}","templated":true}]}}