{"id":6842,"date":"2016-05-13T18:59:09","date_gmt":"2016-05-13T21:59:09","guid":{"rendered":"http:\/\/www.atecordoba.org\/?p=6842"},"modified":"2016-05-13T18:59:09","modified_gmt":"2016-05-13T21:59:09","slug":"fabricaciones-militares-y-personal-civil-realizaran-plenarios-nacionales-lunes-y-martes-en-villa-maria","status":"publish","type":"post","link":"https:\/\/atecordoba.org\/?p=6842","title":{"rendered":"Fabricaciones Militares y Personal Civil realizar\u00e1n plenarios nacionales lunes y martes en Villa Mar\u00eda"},"content":{"rendered":"<p><em>Delegados de\u00a0ambos sectores de todo el pa\u00eds realizar\u00e1n sendos plenarios en la seccional Villa Mar\u00eda de ATE, ambos bajo la \u00f3rbita del Ministerio de Defensa. Los estatales resisten el ajuste el gobierno de Macri y C\u00f3rdoba asume un papel importante en la organizaci\u00f3n de la lucha.<\/em><\/p>\n<p><img loading=\"lazy\" decoding=\"async\" class=\"aligncenter  wp-image-6843\" src=\"http:\/\/www.atecordoba.org\/wp-content\/uploads\/2016\/05\/villa-maria-bandera-ate.jpg\" alt=\"villa maria- bandera ate\" width=\"549\" height=\"412\" \/><\/p>\n<p>El lunes ser\u00e1 el turno de los delegados de Fabricaciones Militares para realizar un plenario nacional, donde estar\u00e1n presentes compa\u00f1eros de las cinco plantas productivas y de la sede central del organismo. Los trabajadores del sector se encuentran en pleno plan de lucha, denunciando el vaciamiento de pol\u00edticas e inversi\u00f3n con que el gobierno nacional somete al sector.<\/p>\n<p>En la oportunidad estar\u00e1n presentes la secretaria General de ATE, Mar\u00eda Liliana Salerno, y la secretaria de Organizaci\u00f3n del Consejo Directivo Nacional, Silvia Le\u00f3n.<\/p>\n<p>En tanto, el martes las mismas dirigentes presidir\u00e1n el Plenario Nacional de Trabajadores Civiles de las Fuerzas Armadas, donde los compa\u00f1eros debatir\u00e1n el estado del sector, uno de los que sufre los m\u00e1s bajos salarios del Estado nacional.<\/p>\n","protected":false},"excerpt":{"rendered":"<p>Delegados de\u00a0ambos sectores de todo el pa\u00eds realizar\u00e1n sendos plenarios en la seccional Villa Mar\u00eda de ATE, ambos bajo la \u00f3rbita del Ministerio de Defensa. Los estatales resisten el ajuste el gobierno de Macri y C\u00f3rdoba asume un papel importante en la organizaci\u00f3n de la lucha. El lunes ser\u00e1 el turno de los delegados de [&hellip;]<\/p>\n","protected":false},"author":1,"featured_media":19220,"comment_status":"open","ping_status":"open","sticky":false,"template":"","format":"standard","meta":{"_exactmetrics_skip_tracking":false,"_exactmetrics_sitenote_active":false,"_exactmetrics_sitenote_note":"","_exactmetrics_sitenote_category":0,"jnews-multi-image_gallery":[],"jnews_single_post":[],"jnews_primary_category":[],"jnews_social_meta":[],"jnews_review":[],"enable_review":"","type":"","name":"","summary":"","brand":"","sku":"","good":[],"bad":[],"score_override":"","override_value":"","rating":[],"price":[],"jnews_override_counter":[],"jnews_post_split":[],"footnotes":""},"categories":[17,18,9],"tags":[],"class_list":["post-6842","post","type-post","status-publish","format-standard","has-post-thumbnail","hentry","category-fabricaciones-militares","category-nacionales","category-trabajadores-civiles-ff-aa"],"jetpack_featured_media_url":"https:\/\/atecordoba.org\/wp-content\/uploads\/2020\/05\/logo-nuevochico-e1561581322808.png","_links":{"self":[{"href":"https:\/\/atecordoba.org\/index.php?rest_route=\/wp\/v2\/posts\/6842","targetHints":{"allow":["GET"]}}],"collection":[{"href":"https:\/\/atecordoba.org\/index.php?rest_route=\/wp\/v2\/posts"}],"about":[{"href":"https:\/\/atecordoba.org\/index.php?rest_route=\/wp\/v2\/types\/post"}],"author":[{"embeddable":true,"href":"https:\/\/atecordoba.org\/index.php?rest_route=\/wp\/v2\/users\/1"}],"replies":[{"embeddable":true,"href":"https:\/\/atecordoba.org\/index.php?rest_route=%2Fwp%2Fv2%2Fcomments&post=6842"}],"version-history":[{"count":0,"href":"https:\/\/atecordoba.org\/index.php?rest_route=\/wp\/v2\/posts\/6842\/revisions"}],"wp:featuredmedia":[{"embeddable":true,"href":"https:\/\/atecordoba.org\/index.php?rest_route=\/wp\/v2\/media\/19220"}],"wp:attachment":[{"href":"https:\/\/atecordoba.org\/index.php?rest_route=%2Fwp%2Fv2%2Fmedia&parent=6842"}],"wp:term":[{"taxonomy":"category","embeddable":true,"href":"https:\/\/atecordoba.org\/index.php?rest_route=%2Fwp%2Fv2%2Fcategories&post=6842"},{"taxonomy":"post_tag","embeddable":true,"href":"https:\/\/atecordoba.org\/index.php?rest_route=%2Fwp%2Fv2%2Ftags&post=6842"}],"curies":[{"name":"wp","href":"https:\/\/api.w.org\/{rel}","templated":true}]}}