{"id":6840,"date":"2016-05-13T18:42:48","date_gmt":"2016-05-13T21:42:48","guid":{"rendered":"http:\/\/www.atecordoba.org\/?p=6840"},"modified":"2016-05-13T18:42:48","modified_gmt":"2016-05-13T21:42:48","slug":"jornada-provincial-de-protesta-el-18-de-mayo","status":"publish","type":"post","link":"https:\/\/atecordoba.org\/?p=6840","title":{"rendered":"Jornada provincial de protesta el 18 de mayo"},"content":{"rendered":"<p><em>Con miras al paro nacional resuelto ayer en el plenario de estatales nacionales que se desarroll\u00f3 en Capital Federal, el Consejo Directivo Provincial resolvi\u00f3 realizar una jornada provincial de protesta el mi\u00e9rcoles 18 de mayo.<\/em><\/p>\n<p><img loading=\"lazy\" decoding=\"async\" class=\"aligncenter size-full wp-image-6810\" src=\"http:\/\/www.atecordoba.org\/wp-content\/uploads\/2016\/05\/WhatsApp-Image-20160511-4-e1463003516820.jpg\" alt=\"WhatsApp-Image-20160511 (4)\" width=\"550\" height=\"413\" \/><\/p>\n<p>La medida de protesta obedece a la falta de respuestas del gobierno provincial tras dos masivos paros realizados las \u00faltimas dos semanas por reclamos salariales. A esto se suma la falta de insumos en los hospitales y de personal para atender a los pacientes y cumplir con los servicios en un per\u00edodo estacional de alta demanda, lo que pone en riesgo los servicios.<\/p>\n<p>Adem\u00e1s, ATE exige la devoluci\u00f3n de los descuentos arbitrarios realizados por el gobierno de Schiaretti en los haberes de abril, en el marco del plan de lucha que llevan adelante los trabajadores provinciales por sus justas demandas.<\/p>\n","protected":false},"excerpt":{"rendered":"<p>Con miras al paro nacional resuelto ayer en el plenario de estatales nacionales que se desarroll\u00f3 en Capital Federal, el Consejo Directivo Provincial resolvi\u00f3 realizar una jornada provincial de protesta el mi\u00e9rcoles 18 de mayo. La medida de protesta obedece a la falta de respuestas del gobierno provincial tras dos masivos paros realizados las \u00faltimas [&hellip;]<\/p>\n","protected":false},"author":1,"featured_media":19220,"comment_status":"open","ping_status":"open","sticky":false,"template":"","format":"standard","meta":{"_exactmetrics_skip_tracking":false,"_exactmetrics_sitenote_active":false,"_exactmetrics_sitenote_note":"","_exactmetrics_sitenote_category":0,"jnews-multi-image_gallery":[],"jnews_single_post":[],"jnews_primary_category":[],"jnews_social_meta":[],"jnews_review":[],"enable_review":"","type":"","name":"","summary":"","brand":"","sku":"","good":[],"bad":[],"score_override":"","override_value":"","rating":[],"price":[],"jnews_override_counter":[],"jnews_post_split":[],"footnotes":""},"categories":[7,8],"tags":[],"class_list":["post-6840","post","type-post","status-publish","format-standard","has-post-thumbnail","hentry","category-hospitales","category-provinciales"],"jetpack_featured_media_url":"https:\/\/atecordoba.org\/wp-content\/uploads\/2020\/05\/logo-nuevochico-e1561581322808.png","_links":{"self":[{"href":"https:\/\/atecordoba.org\/index.php?rest_route=\/wp\/v2\/posts\/6840","targetHints":{"allow":["GET"]}}],"collection":[{"href":"https:\/\/atecordoba.org\/index.php?rest_route=\/wp\/v2\/posts"}],"about":[{"href":"https:\/\/atecordoba.org\/index.php?rest_route=\/wp\/v2\/types\/post"}],"author":[{"embeddable":true,"href":"https:\/\/atecordoba.org\/index.php?rest_route=\/wp\/v2\/users\/1"}],"replies":[{"embeddable":true,"href":"https:\/\/atecordoba.org\/index.php?rest_route=%2Fwp%2Fv2%2Fcomments&post=6840"}],"version-history":[{"count":0,"href":"https:\/\/atecordoba.org\/index.php?rest_route=\/wp\/v2\/posts\/6840\/revisions"}],"wp:featuredmedia":[{"embeddable":true,"href":"https:\/\/atecordoba.org\/index.php?rest_route=\/wp\/v2\/media\/19220"}],"wp:attachment":[{"href":"https:\/\/atecordoba.org\/index.php?rest_route=%2Fwp%2Fv2%2Fmedia&parent=6840"}],"wp:term":[{"taxonomy":"category","embeddable":true,"href":"https:\/\/atecordoba.org\/index.php?rest_route=%2Fwp%2Fv2%2Fcategories&post=6840"},{"taxonomy":"post_tag","embeddable":true,"href":"https:\/\/atecordoba.org\/index.php?rest_route=%2Fwp%2Fv2%2Ftags&post=6840"}],"curies":[{"name":"wp","href":"https:\/\/api.w.org\/{rel}","templated":true}]}}