{"id":6833,"date":"2016-05-13T17:32:05","date_gmt":"2016-05-13T20:32:05","guid":{"rendered":"http:\/\/www.atecordoba.org\/?p=6833"},"modified":"2016-05-13T17:32:05","modified_gmt":"2016-05-13T20:32:05","slug":"festejo-del-dia-de-la-enfermeria-con-obra-de-teatro-en-la-maternidad-provincial","status":"publish","type":"post","link":"https:\/\/atecordoba.org\/?p=6833","title":{"rendered":"Festejo del D\u00eda de la Enfermer\u00eda con obra de teatro en la Maternidad Provincial"},"content":{"rendered":"<p><em>En homenaje a todos los trabajadores del sistema sanitario p\u00fablico, y para festejar el D\u00eda Internacional de la Enfermer\u00eda, los compa\u00f1eros de la Maternidad Provincial realizar\u00e1n organizaron para el lunes pr\u00f3ximo una obra de teatro con dramatizaci\u00f3n del trabajo diario en el hospital. Est\u00e1n todos invitados.\u00a0<\/em><\/p>\n<p><img loading=\"lazy\" decoding=\"async\" class=\"aligncenter size-full wp-image-6834\" src=\"http:\/\/www.atecordoba.org\/wp-content\/uploads\/2016\/05\/dramatizacion-dia-de-la-enfermer\u00eda.png\" alt=\"dramatizacion dia de la enfermer\u00eda\" width=\"263\" height=\"272\" \/><\/p>\n<p>En la oportunidad un compa\u00f1ero se encargar\u00e1 de la dramatizaci\u00f3n de la labor de los enfermeros y trabajadores del hospital. La convocatoria es para este lunes 16, a las 11 horas, en la Maternidad Provincial, Pasaje Caeiro 1545.<\/p>\n","protected":false},"excerpt":{"rendered":"<p>En homenaje a todos los trabajadores del sistema sanitario p\u00fablico, y para festejar el D\u00eda Internacional de la Enfermer\u00eda, los compa\u00f1eros de la Maternidad Provincial realizar\u00e1n organizaron para el lunes pr\u00f3ximo una obra de teatro con dramatizaci\u00f3n del trabajo diario en el hospital. Est\u00e1n todos invitados.\u00a0 En la oportunidad un compa\u00f1ero se encargar\u00e1 de la [&hellip;]<\/p>\n","protected":false},"author":1,"featured_media":19220,"comment_status":"open","ping_status":"open","sticky":false,"template":"","format":"standard","meta":{"_exactmetrics_skip_tracking":false,"_exactmetrics_sitenote_active":false,"_exactmetrics_sitenote_note":"","_exactmetrics_sitenote_category":0,"jnews-multi-image_gallery":[],"jnews_single_post":[],"jnews_primary_category":[],"jnews_social_meta":[],"jnews_review":[],"enable_review":"","type":"","name":"","summary":"","brand":"","sku":"","good":[],"bad":[],"score_override":"","override_value":"","rating":[],"price":[],"jnews_override_counter":[],"jnews_post_split":[],"footnotes":""},"categories":[7,8],"tags":[],"class_list":["post-6833","post","type-post","status-publish","format-standard","has-post-thumbnail","hentry","category-hospitales","category-provinciales"],"jetpack_featured_media_url":"https:\/\/atecordoba.org\/wp-content\/uploads\/2020\/05\/logo-nuevochico-e1561581322808.png","_links":{"self":[{"href":"https:\/\/atecordoba.org\/index.php?rest_route=\/wp\/v2\/posts\/6833","targetHints":{"allow":["GET"]}}],"collection":[{"href":"https:\/\/atecordoba.org\/index.php?rest_route=\/wp\/v2\/posts"}],"about":[{"href":"https:\/\/atecordoba.org\/index.php?rest_route=\/wp\/v2\/types\/post"}],"author":[{"embeddable":true,"href":"https:\/\/atecordoba.org\/index.php?rest_route=\/wp\/v2\/users\/1"}],"replies":[{"embeddable":true,"href":"https:\/\/atecordoba.org\/index.php?rest_route=%2Fwp%2Fv2%2Fcomments&post=6833"}],"version-history":[{"count":0,"href":"https:\/\/atecordoba.org\/index.php?rest_route=\/wp\/v2\/posts\/6833\/revisions"}],"wp:featuredmedia":[{"embeddable":true,"href":"https:\/\/atecordoba.org\/index.php?rest_route=\/wp\/v2\/media\/19220"}],"wp:attachment":[{"href":"https:\/\/atecordoba.org\/index.php?rest_route=%2Fwp%2Fv2%2Fmedia&parent=6833"}],"wp:term":[{"taxonomy":"category","embeddable":true,"href":"https:\/\/atecordoba.org\/index.php?rest_route=%2Fwp%2Fv2%2Fcategories&post=6833"},{"taxonomy":"post_tag","embeddable":true,"href":"https:\/\/atecordoba.org\/index.php?rest_route=%2Fwp%2Fv2%2Ftags&post=6833"}],"curies":[{"name":"wp","href":"https:\/\/api.w.org\/{rel}","templated":true}]}}