{"id":6831,"date":"2016-05-13T17:54:48","date_gmt":"2016-05-13T20:54:48","guid":{"rendered":"http:\/\/www.atecordoba.org\/?p=6831"},"modified":"2016-05-13T17:54:48","modified_gmt":"2016-05-13T20:54:48","slug":"plenario-nacional-resolvio-paro-con-movilizacion-para-el-24-de-mayo","status":"publish","type":"post","link":"https:\/\/atecordoba.org\/?p=6831","title":{"rendered":"Plenario Nacional resolvi\u00f3 paro con movilizaci\u00f3n para el 24 de mayo"},"content":{"rendered":"<p><em>En un plenario de trabajadores del Estado Nacional realizado ayer\u00a0en la sede de ATE, se definieron nuevas medidas de fuerza de cara a las paritarias. All\u00ed se defini\u00f3 que el 24 de mayo se realizar\u00e1 un Paro Nacional con movilizaci\u00f3n por la reapertura de las paritarias, por la reincorporaci\u00f3n de todos los trabajadores injustamente despedidos, porque ning\u00fan trabajador estatal est\u00e9 por debajo de los $17.600 que representan la Canasta B\u00e1sica, y por un aumento salarial del 45% para todos los estatales que les permita recuperar el poder adquisitivo perdido. C\u00f3rdoba llev\u00f3 el mandato del Congreso Provincial impulsando el paro nacional.<\/em><\/p>\n<p><img loading=\"lazy\" decoding=\"async\" class=\"aligncenter size-full wp-image-6832\" src=\"http:\/\/www.atecordoba.org\/wp-content\/uploads\/2016\/05\/plenario-nacional-resuelve-paro-24-de-mayo-e1463166035527.jpg\" alt=\"plenario nacional resuelve paro 24 de mayo\" width=\"550\" height=\"366\" \/><\/p>\n<p>Adem\u00e1s se resolvi\u00f3 acompa\u00f1ar todas las medidas de fuerzas a realizarse en cada sector y realizar una jornada de protesta el pr\u00f3ximo 18 de mayo en la Provincia de Buenos Aires en sinton\u00eda con una decena de gremios que manifestar\u00e1n sus reclamos a la gobernadora Mar\u00eda Eugenia Vidal.<\/p>\n<p class=\"texto\">La apertura del encuentro estuvo a cargo del Secretario General de ATE, Hugo \u2018Cachorro\u2019 Godoy, quien arranc\u00f3 resaltando la m\u00edstica del conjunto de la militancia presente. Luego, el dirigente arranc\u00f3: \u201cPara lograr afrontar las pol\u00edticas de ajuste del actual Gobierno es necesario que trabajemos en una respuesta conjunta, en unidad. Porque nuestro enemigo es el Gobierno ajustador, no el compa\u00f1ero de al lado\u201d.<\/p>\n<p class=\"texto\">\u201cPara ello es trascendente que -al igual que lo venimos haciendo en los \u00faltimos meses- debatamos en plenario, como lo estamos haciendo hoy: Unificando la pelea de los nacionales\u201d, sigui\u00f3 Godoy.<\/p>\n<p class=\"texto\">A continuaci\u00f3n, el titular de ATE present\u00f3 a quienes lo acompa\u00f1aban en la mesa que encabez\u00f3 el plenario: Julio Fuentes, Secretario Adjunto de ATE; Silvia Le\u00f3n, Secretaria de Organizaci\u00f3n de ATE; Oscar de Isasi, Secretario General de ATE Provincia de Buenos Aires; y Daniel Catalano, Secretario General de ATE Capital; entre otros.<\/p>\n<p class=\"texto\">El Secretario General de ATE tambi\u00e9n enumer\u00f3 las distintas acciones y medidas de fuerza mas importantes de los \u00faltimos meses, tales como el Paro del 29 de diciembre pasado \u2013el primero en la gesti\u00f3n macrista-, la masiva y unificada movilizaci\u00f3n del 24 de febrero, el Paro Nacional del 19 de abril, la participaci\u00f3n en la movilizaci\u00f3n de las centrales sindicales del 29 de abril, el acampe frente al Ministerio de Modernizaci\u00f3n, entre otras actividades. \u201cEstas acciones fueron producto del debate colectivo, que es la \u00fanica forma de unir fuerzas y no permitir dispersi\u00f3n en las luchas\u201d, asever\u00f3.<\/p>\n<p class=\"texto\"><img loading=\"lazy\" decoding=\"async\" class=\"aligncenter size-full wp-image-6837\" src=\"http:\/\/www.atecordoba.org\/wp-content\/uploads\/2016\/05\/salerno-3.png\" alt=\"salerno-3\" width=\"550\" height=\"422\" \/><\/p>\n<p class=\"texto\">\u201cHoy nuestras prioridades son las de alcanzar un salario digno, que se reincorpore a cada uno de los compa\u00f1eros despedidos y terminar con la precarizaci\u00f3n laboral, un flagelo estrechamente vinculado a las cesant\u00edas\u201d, expres\u00f3 Godoy, e inmediatamente resalt\u00f3: \u201cA su vez, tenemos que lograr la reapertura de las paritarias, tanto la central como las sectoriales\u201d.<\/p>\n<p class=\"texto\">Luego, el dirigente nacional indic\u00f3: \u201cAl observar los elevados \u00edndices inflacionarios de los \u00faltimos meses, la devaluaci\u00f3n y los tarifazos, creemos que el aumento debe ser de aproximadamente un 45 por ciento, y no menor. Llegamos a esta cifra a partir de un c\u00e1lculo realizado por los compa\u00f1eros de la Junta Interna de ATE INDEC, en el que se concluy\u00f3 que ning\u00fan trabajador deber\u00eda cobrar menos de 17.600 pesos\u201d.<\/p>\n<p class=\"texto\">Respecto a la reciente convocatoria al Consejo del Salario para el 19 de mayo pr\u00f3ximo, el Secretario General de ATE record\u00f3: \u201cEl \u00faltimo encuentro dej\u00f3 un salario m\u00ednimo de 6.060 pesos que en la actualidad, al igual que el a\u00f1o pasado, es insuficiente e inferior a una canasta b\u00e1sica. En esta ocasi\u00f3n, adem\u00e1s de plantear la necesidad de que se eleve considerablemente el m\u00ednimo, vamos a reclamar que se incluyan a los estatales provinciales y municipales (hoy la Ley no los ampara)\u201d.<\/p>\n<p class=\"texto\"><span class=\"texto\">\u201cSomos consientes de que ATE es imprescindible en la lucha contra el ajuste, lo hemos demostrado y lo seguiremos haciendo hasta que reincorporen el \u00faltimo de los despedidos y alcancemos un salario digno. Pero dar la pelea solos no basta. Podemos realizar paros y movilizaciones contundentes \u2013 como venimos llevando a cabo en estos meses-, pero frente al cambio de etapa necesitamos un debate para lograr consensos con el conjunto de las organizaciones del pueblo\u201d, alent\u00f3.<\/span><\/p>\n<p class=\"texto\">En relaci\u00f3n al proyecto de Ley de Emergencia Ocupacional \u2013tambi\u00e9n llamada Antidespidos-, \u2018Cachorro\u2019 lanz\u00f3: \u201cEstamos de acuerdo con que se apruebe una Ley que proh\u00edba los despidos, como la que est\u00e1 tratando en estas semanas el Congreso de la Naci\u00f3n. Y si bien creemos que es importante que se sancione, al estudiar el proyecto entendimos que no va a resolver la situaci\u00f3n de los miles que ya fueron despedidos. Depende de nosotros reincorporar a esos compa\u00f1eros\u201d.<\/p>\n<p class=\"texto\">El Secretario Adjunto de ATE, Julio Fuentes arranc\u00f3 su intervenci\u00f3n saludando la convocatoria: \u201cLa diversidad es riqueza, y creo que hoy lo estamos poniendo en pr\u00e1ctica\u201d.<\/p>\n<p class=\"texto\">Acto seguido, puso \u00e9nfasis en un conflicto puntual: \u201cEn este plenario nos pondremos de acuerdo en cuanto a fechas, consignas, metodolog\u00edas, qu\u00e9 acciones y en d\u00f3nde, etc. Son todos temas trascendentes que hacen a la vida de nuestra organizaci\u00f3n. Sin embargo, me quer\u00eda referir a un hecho que ocurre a 3 mil kil\u00f3metros de la Casa Rosada. Pero que ocurre, es muy importante y tambi\u00e9n forma parte de la disputa a nivel del Estado nacional. Tiene que ver con Yacimientos Carbon\u00edferos Fiscales de R\u00edo Turbio (YCRT), donde tenemos tres mil compa\u00f1eros trabajando. All\u00ed hay una usina el\u00e9ctrica que cost\u00f3 miles de millones de pesos que fueron aportados por el conjunto del pueblo argentino. No obstante, este proyecto productivo del que dependen miles de familias puede ser abortado porque no hay inter\u00e9s del Gobierno de llevar adelante esa pol\u00edtica. Es m\u00e1s, apenas asumido, el Ministro de Energ\u00eda Aranguren hab\u00eda dicho por los medios de comunicaci\u00f3n que el proyecto de YCRT era inviable. Esa empresa del Estado debemos recordarla y tenerla presente, porque vamos a tener una pelea dura para mantener esos puestos de trabajo y un pol\u00edtica de energ\u00eda aut\u00f3noma y nacional\u201d.<\/p>\n<p class=\"texto\">En la misma l\u00ednea, Fuentes record\u00f3: \u201cEl 14 de junio, cuando se recuerden 12 a\u00f1os de la muerte de 14 mineros en un accidente, vamos a realizar una gran movilizaci\u00f3n en R\u00edo Turbio para exigir la continuidad laboral de los compa\u00f1eros y por una pol\u00edtica energ\u00e9tica soberana. No obstante, es importante que ese d\u00eda tambi\u00e9n marchemos a la sede del Ministerio de Energ\u00eda, aqu\u00ed en la Ciudad de Buenos Aires\u201d.<\/p>\n<p class=\"texto\">\u201cDespu\u00e9s de este d\u00eda, donde el debate y las diferencias no obstruyen la pelea en unidad, somos un poco mejores y mas fuertes. Es tiempo de resistencia, que no es cosa menor, y para resistir hay que estar unidos\u201d, cerr\u00f3 su intervenci\u00f3n el Secretario Adjunto\u00a0de ATE y Presidente de la Confederaci\u00f3n Latinoamericana y del Caribe de Trabajadores Estatales (CLATE).<\/p>\n<p class=\"texto\"><strong>C\u00f3rdoba presente<\/strong><\/p>\n<p class=\"texto\"><img loading=\"lazy\" decoding=\"async\" class=\"aligncenter size-full wp-image-6836\" src=\"http:\/\/www.atecordoba.org\/wp-content\/uploads\/2016\/05\/salerno-2.png\" alt=\"salerno-2\" width=\"550\" height=\"416\" \/><\/p>\n<p class=\"texto\">A su turno, la secretaria General de ATE C\u00f3rdoba, Mar\u00eda Liliana Salerno, se expres\u00f3 en\u00a0la l\u00ednea de Fuentes al se\u00f1alar que con el ataque a R\u00edo Turbio &#8220;la Fabrica Militar de R\u00edo Tercero pierde una l\u00ednea de producci\u00f3n ya que fabricamos parte del herramental de YCRT. Esto se suma al vaciamiento que realiza el gobierno nacional sobre todas las producciones de la unidades productivas de Fabricaciones Militares&#8221;.<\/p>\n<p class=\"texto\">Por otro lado, la secretaria General de C\u00f3rdoba destac\u00f3 que a ra\u00edz de la conflictividad que se est\u00e1 viviendo en el Estado nacional &#8220;nosotros acudimos a todos los sectores, pero ahora hace falta darle masividad y unidad a las medidas de fuerza por el conjunto del gremio. La provincia de C\u00f3rdoba no viene a discutir quien conduce a los nacionales porque eso ya se dirimi\u00f3 en las elecciones del a\u00f1o pasado, por lo tanto estamos bajo la \u00f3rbita del CDN. La\u00a0provincia tiene mayoritariamente afiliados nacionales y es por eso que venimos a la discusi\u00f3n con los compa\u00f1eros de todo el pa\u00eds. Traemos mandato del congreso provincial que se realiz\u00f3 el pasado 29 de abril para llamar a un paro general porque basta de despidos, la reincorporaci\u00f3n inmediata de los despedidos y la apertura inmediata de la paritaria nacional y de las paritarias sectoriales&#8221;.<\/p>\n<p class=\"texto\"><strong>Otras provincias<\/strong><\/p>\n<p class=\"texto\">Por su parte, Oscar de Isasi, secretario General de ATE Provincia de Buenos Aires destac\u00f3: \u201cQue estemos hoy ac\u00e1, en un plenario tan masivo, es un dato pol\u00edtico central. Pese a las diferencias entendemos que hay una prioridad: la unidad contra el ajuste\u201d.<\/p>\n<p class=\"texto\"><img loading=\"lazy\" decoding=\"async\" class=\"aligncenter size-full wp-image-6838\" src=\"http:\/\/www.atecordoba.org\/wp-content\/uploads\/2016\/05\/7319_2456.jpg\" alt=\"7319_2456\" width=\"620\" height=\"413\" \/><\/p>\n<p class=\"texto\">Luego, se refiri\u00f3 al contexto pol\u00edtico y las medidas de ajuste del actual Gobierno. Al respecto, el dirigente bonaerense expres\u00f3: \u201cEllos saben que el pueblo argentino resiste, pelea. Por eso est\u00e1n encarando una avanzada que, a mi modo ver, tiene tres frentes: la judicializaci\u00f3n de los conflictos, la fragmentaci\u00f3n en la pol\u00edtica y los partidos, y el intento de fragmentaci\u00f3n de las organizaciones de la lucha popular\u201d.<\/p>\n<p class=\"texto\">\u201cEs clave que en el territorio avancemos para consolidar la organizaci\u00f3n. Esa es la clave para que enfrentemos esta avanzada de la derecha. Debemos resistir, pero nuestro horizonte debe ser discutir, adem\u00e1s de salario y estabilidad, las pol\u00edticas p\u00fablicas del pa\u00eds\u201d, cerr\u00f3 el titular de ATE y Secretario General de la CTA Provincia de Buenos Aires.<\/p>\n<p class=\"texto\">A su vez, el secretario General de ATE Capital, Daniel Catalano inform\u00f3 a los delegados presentes sobre la presentaci\u00f3n de un proyecto de Ley que busca pasar a planta al conjunto de los \u00a0trabajadores del Estado nacional, con retroactividad al 31 de diciembre de 2015.<\/p>\n<p class=\"texto\">Catalano expres\u00f3 que \u201cno se puede acordar una paritaria con un Gobierno que estigmatiza el empleo p\u00fablico, que no dialoga con los laburantes, que reprime y judicializa a quienes luchan. Est\u00e1 clar\u00edsimo que la palabra de este Gobierno no tiene valor. Por esto es que estamos de acuerdo, y avalamos la idea de ir a un Paro Nacional\u201d.<\/p>\n","protected":false},"excerpt":{"rendered":"<p>En un plenario de trabajadores del Estado Nacional realizado ayer\u00a0en la sede de ATE, se definieron nuevas medidas de fuerza de cara a las paritarias. All\u00ed se defini\u00f3 que el 24 de mayo se realizar\u00e1 un Paro Nacional con movilizaci\u00f3n por la reapertura de las paritarias, por la reincorporaci\u00f3n de todos los trabajadores injustamente despedidos, [&hellip;]<\/p>\n","protected":false},"author":1,"featured_media":19220,"comment_status":"open","ping_status":"open","sticky":false,"template":"","format":"standard","meta":{"_exactmetrics_skip_tracking":false,"_exactmetrics_sitenote_active":false,"_exactmetrics_sitenote_note":"","_exactmetrics_sitenote_category":0,"jnews-multi-image_gallery":[],"jnews_single_post":[],"jnews_primary_category":[],"jnews_social_meta":[],"jnews_review":[],"enable_review":"","type":"","name":"","summary":"","brand":"","sku":"","good":[],"bad":[],"score_override":"","override_value":"","rating":[],"price":[],"jnews_override_counter":[],"jnews_post_split":[],"footnotes":""},"categories":[21],"tags":[],"class_list":["post-6831","post","type-post","status-publish","format-standard","has-post-thumbnail","hentry","category-paro-nacional"],"jetpack_featured_media_url":"https:\/\/atecordoba.org\/wp-content\/uploads\/2020\/05\/logo-nuevochico-e1561581322808.png","_links":{"self":[{"href":"https:\/\/atecordoba.org\/index.php?rest_route=\/wp\/v2\/posts\/6831","targetHints":{"allow":["GET"]}}],"collection":[{"href":"https:\/\/atecordoba.org\/index.php?rest_route=\/wp\/v2\/posts"}],"about":[{"href":"https:\/\/atecordoba.org\/index.php?rest_route=\/wp\/v2\/types\/post"}],"author":[{"embeddable":true,"href":"https:\/\/atecordoba.org\/index.php?rest_route=\/wp\/v2\/users\/1"}],"replies":[{"embeddable":true,"href":"https:\/\/atecordoba.org\/index.php?rest_route=%2Fwp%2Fv2%2Fcomments&post=6831"}],"version-history":[{"count":0,"href":"https:\/\/atecordoba.org\/index.php?rest_route=\/wp\/v2\/posts\/6831\/revisions"}],"wp:featuredmedia":[{"embeddable":true,"href":"https:\/\/atecordoba.org\/index.php?rest_route=\/wp\/v2\/media\/19220"}],"wp:attachment":[{"href":"https:\/\/atecordoba.org\/index.php?rest_route=%2Fwp%2Fv2%2Fmedia&parent=6831"}],"wp:term":[{"taxonomy":"category","embeddable":true,"href":"https:\/\/atecordoba.org\/index.php?rest_route=%2Fwp%2Fv2%2Fcategories&post=6831"},{"taxonomy":"post_tag","embeddable":true,"href":"https:\/\/atecordoba.org\/index.php?rest_route=%2Fwp%2Fv2%2Ftags&post=6831"}],"curies":[{"name":"wp","href":"https:\/\/api.w.org\/{rel}","templated":true}]}}