{"id":6827,"date":"2016-05-12T20:03:34","date_gmt":"2016-05-12T23:03:34","guid":{"rendered":"http:\/\/www.atecordoba.org\/?p=6827"},"modified":"2016-05-12T20:03:34","modified_gmt":"2016-05-12T23:03:34","slug":"encuentro-de-ate-con-organizaciones-territoriales-abordo-la-problematica-de-la-salud-publica","status":"publish","type":"post","link":"https:\/\/atecordoba.org\/?p=6827","title":{"rendered":"Encuentro de ATE con organizaciones territoriales abord\u00f3 la problem\u00e1tica de la salud p\u00fablica"},"content":{"rendered":"<p><em>En la sede de ATE se realiz\u00f3 un encuentro de dirigentes de nuestro gremio con las organizaciones territoriales\u00a0encuentro de Organizaciones (EO) y Barranquita que desarrollan trabajo social en los barrios Maldonado y Villa Urquiza.<\/em><\/p>\n<p><img loading=\"lazy\" decoding=\"async\" class=\"aligncenter size-full wp-image-6828\" src=\"http:\/\/www.atecordoba.org\/wp-content\/uploads\/2016\/05\/barcena-reunion-org-sociales-b\u00ba-maldonado-y-villa-urquiza-e1463094187565.jpg\" alt=\"barcena - reunion org sociales b\u00ba maldonado y villa urquiza\" width=\"550\" height=\"309\" \/><\/p>\n<p>ATE estuvo representado por el secretario Adjunto, Luis Barcena, y el vocal Eduardo Pereyra. Las compa\u00f1eras de EO y la Barranquita detallaron su trabajo territorial en Maldonado y Villa Urquiza, donde las carencias de la comunidad sobre de todo tipo. En ese marco la salud p\u00fablica cumple un rol fundamental en la calidad de vida de la poblaci\u00f3n.<\/p>\n<p>Ante el conflicto que viven los hospitales provinciales por reclamos salariales, falta de insumos y problemas de infraestructura, tanto ATE como las organizaciones sociales\u00a0buscaron acercar posiciones e intereses comunes sobre la salud p\u00fablica.<\/p>\n<p>&#8220;Estas charlas son importantes porque lamentablemente los barrios pobres son los que m\u00e1s sufren cuando se desatan conflictos \u00a0en los hospitales, precisamente porque son quienes utilizan el servicio de salud en los hospitales p\u00fablicos. Entonces queremos\u00a0hacer llegar a la comunidad los problemas de los trabajadores y c\u00f3mo esto afecta la atenci\u00f3n. Esto deriva de la falta de inversi\u00f3n del gobierno en la salud p\u00fablica&#8221;, explic\u00f3 Barcena.<\/p>\n<p>El encuentro abord\u00f3 el futuro incierto del sistema sanitario, que va en camino a la privatizaci\u00f3n, lo que dejar\u00e1 desprotegidos a los sectores m\u00e1s necesitados y vulnerables propiciando el negocio de la salud. &#8220;Un ejemplo es la privatizaci\u00f3n encubierta de la derivaci\u00f3n de pacientes, donde hay s\u00f3lo dos ambulancias y hay cerca de 40 compa\u00f1eros inactivos porque las unidades est\u00e1n fuera de servicio con que cuenta la provincia&#8221;, finaliz\u00f3 Barcena.<\/p>\n<p>Despu\u00e9s de la charla se convino un acercamiento con las organizaciones para programar\u00a0charlas espec\u00edficas con la comunidad de esos barrios y a la vez coordinar en el futuro reclamos conjuntos.<\/p>\n","protected":false},"excerpt":{"rendered":"<p>En la sede de ATE se realiz\u00f3 un encuentro de dirigentes de nuestro gremio con las organizaciones territoriales\u00a0encuentro de Organizaciones (EO) y Barranquita que desarrollan trabajo social en los barrios Maldonado y Villa Urquiza. ATE estuvo representado por el secretario Adjunto, Luis Barcena, y el vocal Eduardo Pereyra. Las compa\u00f1eras de EO y la Barranquita [&hellip;]<\/p>\n","protected":false},"author":1,"featured_media":19220,"comment_status":"open","ping_status":"open","sticky":false,"template":"","format":"standard","meta":{"_exactmetrics_skip_tracking":false,"_exactmetrics_sitenote_active":false,"_exactmetrics_sitenote_note":"","_exactmetrics_sitenote_category":0,"jnews-multi-image_gallery":[],"jnews_single_post":[],"jnews_primary_category":[],"jnews_social_meta":[],"jnews_review":[],"enable_review":"","type":"","name":"","summary":"","brand":"","sku":"","good":[],"bad":[],"score_override":"","override_value":"","rating":[],"price":[],"jnews_override_counter":[],"jnews_post_split":[],"footnotes":""},"categories":[7,8],"tags":[],"class_list":["post-6827","post","type-post","status-publish","format-standard","has-post-thumbnail","hentry","category-hospitales","category-provinciales"],"jetpack_featured_media_url":"https:\/\/atecordoba.org\/wp-content\/uploads\/2020\/05\/logo-nuevochico-e1561581322808.png","_links":{"self":[{"href":"https:\/\/atecordoba.org\/index.php?rest_route=\/wp\/v2\/posts\/6827","targetHints":{"allow":["GET"]}}],"collection":[{"href":"https:\/\/atecordoba.org\/index.php?rest_route=\/wp\/v2\/posts"}],"about":[{"href":"https:\/\/atecordoba.org\/index.php?rest_route=\/wp\/v2\/types\/post"}],"author":[{"embeddable":true,"href":"https:\/\/atecordoba.org\/index.php?rest_route=\/wp\/v2\/users\/1"}],"replies":[{"embeddable":true,"href":"https:\/\/atecordoba.org\/index.php?rest_route=%2Fwp%2Fv2%2Fcomments&post=6827"}],"version-history":[{"count":0,"href":"https:\/\/atecordoba.org\/index.php?rest_route=\/wp\/v2\/posts\/6827\/revisions"}],"wp:featuredmedia":[{"embeddable":true,"href":"https:\/\/atecordoba.org\/index.php?rest_route=\/wp\/v2\/media\/19220"}],"wp:attachment":[{"href":"https:\/\/atecordoba.org\/index.php?rest_route=%2Fwp%2Fv2%2Fmedia&parent=6827"}],"wp:term":[{"taxonomy":"category","embeddable":true,"href":"https:\/\/atecordoba.org\/index.php?rest_route=%2Fwp%2Fv2%2Fcategories&post=6827"},{"taxonomy":"post_tag","embeddable":true,"href":"https:\/\/atecordoba.org\/index.php?rest_route=%2Fwp%2Fv2%2Ftags&post=6827"}],"curies":[{"name":"wp","href":"https:\/\/api.w.org\/{rel}","templated":true}]}}