{"id":6823,"date":"2016-05-12T18:45:46","date_gmt":"2016-05-12T21:45:46","guid":{"rendered":"http:\/\/www.atecordoba.org\/?p=6823"},"modified":"2016-05-12T18:45:46","modified_gmt":"2016-05-12T21:45:46","slug":"incendio-de-aires-acondicionados-en-el-hospital-transito-fue-alertado-por-los-trabajadores","status":"publish","type":"post","link":"https:\/\/atecordoba.org\/?p=6823","title":{"rendered":"Incendio de aires acondicionados en el Hospital Tr\u00e1nsito fue alertado por los trabajadores"},"content":{"rendered":"<p><em>El incendio del aire acondicionado de los quir\u00f3fanos del hospital Transito C\u00e1ceres de Allende fue previsto por los trabajadores, que\u00a0alertaron de su mal funcionamiento sin que las autoridades dieran respuesta.<\/em><\/p>\n<p><img loading=\"lazy\" decoding=\"async\" class=\"aligncenter size-full wp-image-6825\" src=\"http:\/\/www.atecordoba.org\/wp-content\/uploads\/2016\/05\/WhatsApp-Image-20160512-e1463089513695.jpg\" alt=\"WhatsApp-Image-20160512\" width=\"550\" height=\"309\" \/><\/p>\n<p>&#8220;Ya les hab\u00edamos avisado pero no hicieron nada&#8221;, explic\u00f3 el delegado de ATE Eduardo Pereyra. Por la salida de servicio de aire acondicionado que alimenta de temperatura adecuada a dos quir\u00f3fanos del hospital, se debieron suspender cirug\u00edas \u00a0programadas.<\/p>\n<p>&#8220;Esto expresa el mal estado de la infraestructura que enfrenta el hospital. La falta de mantenimiento es evidente y por eso ahora los pacientes deben ser derivados hasta que se arregle el aparato&#8221;, dijo Pereyra.<\/p>\n<p><img loading=\"lazy\" decoding=\"async\" class=\"aligncenter size-full wp-image-6824\" src=\"http:\/\/www.atecordoba.org\/wp-content\/uploads\/2016\/05\/WhatsApp-Image-20160512-1.jpg\" alt=\"WhatsApp-Image-20160512 (1)\" width=\"1280\" height=\"720\" \/><\/p>\n<p>La denuncia se realiz\u00f3 durante la jornada de hoy, en medio del paro por 48 horas de ATE que se est\u00e1 cumpliendo en los hospitales provinciales. Adem\u00e1s de los reclamos de \u00edndole salarial, los trabajadores denuncian los graves problemas de infraestructura que muestran los centros de salud, ante el abandono presupuestario del gobierno provincial.<\/p>\n<p>El Tr\u00e1nsito C\u00e1ceres de Allende es un ejemplo de ello.<\/p>\n","protected":false},"excerpt":{"rendered":"<p>El incendio del aire acondicionado de los quir\u00f3fanos del hospital Transito C\u00e1ceres de Allende fue previsto por los trabajadores, que\u00a0alertaron de su mal funcionamiento sin que las autoridades dieran respuesta. &#8220;Ya les hab\u00edamos avisado pero no hicieron nada&#8221;, explic\u00f3 el delegado de ATE Eduardo Pereyra. Por la salida de servicio de aire acondicionado que alimenta [&hellip;]<\/p>\n","protected":false},"author":1,"featured_media":19220,"comment_status":"open","ping_status":"open","sticky":false,"template":"","format":"standard","meta":{"_exactmetrics_skip_tracking":false,"_exactmetrics_sitenote_active":false,"_exactmetrics_sitenote_note":"","_exactmetrics_sitenote_category":0,"jnews-multi-image_gallery":[],"jnews_single_post":[],"jnews_primary_category":[],"jnews_social_meta":[],"jnews_review":[],"enable_review":"","type":"","name":"","summary":"","brand":"","sku":"","good":[],"bad":[],"score_override":"","override_value":"","rating":[],"price":[],"jnews_override_counter":[],"jnews_post_split":[],"footnotes":""},"categories":[7,8],"tags":[],"class_list":["post-6823","post","type-post","status-publish","format-standard","has-post-thumbnail","hentry","category-hospitales","category-provinciales"],"jetpack_featured_media_url":"https:\/\/atecordoba.org\/wp-content\/uploads\/2020\/05\/logo-nuevochico-e1561581322808.png","_links":{"self":[{"href":"https:\/\/atecordoba.org\/index.php?rest_route=\/wp\/v2\/posts\/6823","targetHints":{"allow":["GET"]}}],"collection":[{"href":"https:\/\/atecordoba.org\/index.php?rest_route=\/wp\/v2\/posts"}],"about":[{"href":"https:\/\/atecordoba.org\/index.php?rest_route=\/wp\/v2\/types\/post"}],"author":[{"embeddable":true,"href":"https:\/\/atecordoba.org\/index.php?rest_route=\/wp\/v2\/users\/1"}],"replies":[{"embeddable":true,"href":"https:\/\/atecordoba.org\/index.php?rest_route=%2Fwp%2Fv2%2Fcomments&post=6823"}],"version-history":[{"count":0,"href":"https:\/\/atecordoba.org\/index.php?rest_route=\/wp\/v2\/posts\/6823\/revisions"}],"wp:featuredmedia":[{"embeddable":true,"href":"https:\/\/atecordoba.org\/index.php?rest_route=\/wp\/v2\/media\/19220"}],"wp:attachment":[{"href":"https:\/\/atecordoba.org\/index.php?rest_route=%2Fwp%2Fv2%2Fmedia&parent=6823"}],"wp:term":[{"taxonomy":"category","embeddable":true,"href":"https:\/\/atecordoba.org\/index.php?rest_route=%2Fwp%2Fv2%2Fcategories&post=6823"},{"taxonomy":"post_tag","embeddable":true,"href":"https:\/\/atecordoba.org\/index.php?rest_route=%2Fwp%2Fv2%2Ftags&post=6823"}],"curies":[{"name":"wp","href":"https:\/\/api.w.org\/{rel}","templated":true}]}}