{"id":6814,"date":"2016-05-11T19:27:19","date_gmt":"2016-05-11T22:27:19","guid":{"rendered":"http:\/\/www.atecordoba.org\/?p=6814"},"modified":"2016-05-11T19:27:19","modified_gmt":"2016-05-11T22:27:19","slug":"jornada-solidaria-de-ate-y-la-cta-en-el-norte-provincial","status":"publish","type":"post","link":"https:\/\/atecordoba.org\/?p=6814","title":{"rendered":"Jornada solidaria de ATE y la CTA en el norte provincial"},"content":{"rendered":"<p><em>Un grupo de compa\u00f1eros de ATE y CTA respondi\u00f3 a\u00a0la convocatoria de la comunidad de Huascha y acerc\u00f3 donaciones de afiliados de ATE para ayudar a paliar la dura crisis que atraviesa una de las comunas m\u00e1s abandonadas de C\u00f3rdoba.<\/em><\/p>\n<p><img loading=\"lazy\" decoding=\"async\" class=\"aligncenter size-full wp-image-6815\" src=\"http:\/\/www.atecordoba.org\/wp-content\/uploads\/2016\/05\/WhatsApp-Image-20160509-21-e1463005395225.jpg\" alt=\"WhatsApp-Image-20160509 (21)\" width=\"550\" height=\"309\" \/><\/p>\n<p>Encabezados por el secretario Adjunto de ATE y de la CTA, Luis Barcena, y el secretario de Interior de ATE y Administrativo de la central en C\u00f3rdoba, Alejandro Murua, los compa\u00f1eros llevaron el a la comuna de Huascha, ubicada a 185 kil\u00f3metros al norte de C\u00f3rdoba Capital, donaciones de ropa y comida.<\/p>\n<p><img loading=\"lazy\" decoding=\"async\" class=\"aligncenter size-full wp-image-6816\" src=\"http:\/\/www.atecordoba.org\/wp-content\/uploads\/2016\/05\/WhatsApp-Image-20160509-18-e1463005422512.jpg\" alt=\"WhatsApp-Image-20160509 (18)\" width=\"550\" height=\"309\" \/><\/p>\n<p>La peque\u00f1a comuna est\u00e1 integrada por 30 familias que viven de su producci\u00f3n rural, en un ambiente muy pobre, con falta de agua potable y en condiciones de mucha desprotecci\u00f3n, donde el Estado es una imagen ausente casi todo el tiempo.<\/p>\n<p><img loading=\"lazy\" decoding=\"async\" class=\"aligncenter size-full wp-image-6817\" src=\"http:\/\/www.atecordoba.org\/wp-content\/uploads\/2016\/05\/WhatsApp-Image-20160509-5-e1463005465877.jpg\" alt=\"WhatsApp-Image-20160509 (5)\" width=\"550\" height=\"309\" \/><\/p>\n<p>All\u00ed hace cinco a\u00f1os se comenz\u00f3 a integrar la CTA de forma incipiente, gestionando la reapertura de una escuelita rural cuya presencia est\u00e1 siempre en riesgo por la falta de agua potable que dificulta su funcionamiento.<\/p>\n<p>El s\u00e1bado las familias salieron en pleno a recibir a los compa\u00f1eros de ATE y CTA &#8220;porque saben que no les mentimos. Por eso pidieron integrar ahora a la central. La gente reconoce a la organizaci\u00f3n y la coherencia que tenemos&#8221;, sostuvo Barcena.<\/p>\n<p><img loading=\"lazy\" decoding=\"async\" class=\"aligncenter size-full wp-image-6818\" src=\"http:\/\/www.atecordoba.org\/wp-content\/uploads\/2016\/05\/WhatsApp-Image-20160509-7-e1463005499577.jpg\" alt=\"WhatsApp-Image-20160509 (7)\" width=\"550\" height=\"309\" \/><\/p>\n<p>A trav\u00e9s de la donaci\u00f3n de afiliados de ATE, la CTA ya llev\u00f3 tres m\u00f3dulos de ropa. &#8220;El negro D\u00edaz, compa\u00f1ero de ATE, nos don\u00f3 ropa y zapatos. De la misma forma lo hicieron los compa\u00f1eros de Unquillo, de San Marcos Sierra, del Ministerio de Educaci\u00f3n de la provincia. Tambi\u00e9n la compa\u00f1era Bechi Betsab\u00e9, secretaria de finanzas de la CTA tambi\u00e9n colabor\u00f3 solidariamente&#8221;.<\/p>\n<p><img loading=\"lazy\" decoding=\"async\" class=\"aligncenter size-full wp-image-6819\" src=\"http:\/\/www.atecordoba.org\/wp-content\/uploads\/2016\/05\/WhatsApp-Image-20160509-2-e1463005539300.jpg\" alt=\"WhatsApp-Image-20160509 (2)\" width=\"550\" height=\"309\" \/><\/p>\n<p>Y agreg\u00f3: &#8220;sabemos que somos un granito de arena, extendiendo una mano que arme la cadena solidaria a otros lugares donde la gente pase necesidades.\u00a0De la charla con la gente nos llevamos una gran satisfacci\u00f3n, junto con Alejandro Murua que va conociendo lo que es el interior&#8221;.<\/p>\n<p><img loading=\"lazy\" decoding=\"async\" class=\"aligncenter size-full wp-image-6820\" src=\"http:\/\/www.atecordoba.org\/wp-content\/uploads\/2016\/05\/WhatsApp-Image-20160509-9-e1463005576287.jpg\" alt=\"WhatsApp-Image-20160509 (9)\" width=\"550\" height=\"309\" \/><\/p>\n<p>La comunidad expres\u00f3 la necesidad de que la escuela construya con otra aula -tiene una sola- porque no cuentan\u00a0donde instalar las computadoras y sostuvieron su temor a que cierre por la falta de agua.<\/p>\n<p>&#8220;sabemos que la gente pide una gesti\u00f3n din\u00e1mica y pr\u00e1ctica, con resultados concretos y efectivos. Ese es el mensaje que queremos transmitir desde ATE y la CTA&#8221;, concluy\u00f3 Barcena.<\/p>\n<p><img loading=\"lazy\" decoding=\"async\" class=\"aligncenter size-full wp-image-6821\" src=\"http:\/\/www.atecordoba.org\/wp-content\/uploads\/2016\/05\/WhatsApp-Image-20160509-10-e1463005613536.jpg\" alt=\"WhatsApp-Image-20160509 (10)\" width=\"550\" height=\"309\" \/><\/p>\n","protected":false},"excerpt":{"rendered":"<p>Un grupo de compa\u00f1eros de ATE y CTA respondi\u00f3 a\u00a0la convocatoria de la comunidad de Huascha y acerc\u00f3 donaciones de afiliados de ATE para ayudar a paliar la dura crisis que atraviesa una de las comunas m\u00e1s abandonadas de C\u00f3rdoba. Encabezados por el secretario Adjunto de ATE y de la CTA, Luis Barcena, y el [&hellip;]<\/p>\n","protected":false},"author":1,"featured_media":19220,"comment_status":"open","ping_status":"open","sticky":false,"template":"","format":"standard","meta":{"_exactmetrics_skip_tracking":false,"_exactmetrics_sitenote_active":false,"_exactmetrics_sitenote_note":"","_exactmetrics_sitenote_category":0,"jnews-multi-image_gallery":[],"jnews_single_post":[],"jnews_primary_category":[],"jnews_social_meta":[],"jnews_review":[],"enable_review":"","type":"","name":"","summary":"","brand":"","sku":"","good":[],"bad":[],"score_override":"","override_value":"","rating":[],"price":[],"jnews_override_counter":[],"jnews_post_split":[],"footnotes":""},"categories":[92],"tags":[],"class_list":["post-6814","post","type-post","status-publish","format-standard","has-post-thumbnail","hentry","category-cta"],"jetpack_featured_media_url":"https:\/\/atecordoba.org\/wp-content\/uploads\/2020\/05\/logo-nuevochico-e1561581322808.png","_links":{"self":[{"href":"https:\/\/atecordoba.org\/index.php?rest_route=\/wp\/v2\/posts\/6814","targetHints":{"allow":["GET"]}}],"collection":[{"href":"https:\/\/atecordoba.org\/index.php?rest_route=\/wp\/v2\/posts"}],"about":[{"href":"https:\/\/atecordoba.org\/index.php?rest_route=\/wp\/v2\/types\/post"}],"author":[{"embeddable":true,"href":"https:\/\/atecordoba.org\/index.php?rest_route=\/wp\/v2\/users\/1"}],"replies":[{"embeddable":true,"href":"https:\/\/atecordoba.org\/index.php?rest_route=%2Fwp%2Fv2%2Fcomments&post=6814"}],"version-history":[{"count":0,"href":"https:\/\/atecordoba.org\/index.php?rest_route=\/wp\/v2\/posts\/6814\/revisions"}],"wp:featuredmedia":[{"embeddable":true,"href":"https:\/\/atecordoba.org\/index.php?rest_route=\/wp\/v2\/media\/19220"}],"wp:attachment":[{"href":"https:\/\/atecordoba.org\/index.php?rest_route=%2Fwp%2Fv2%2Fmedia&parent=6814"}],"wp:term":[{"taxonomy":"category","embeddable":true,"href":"https:\/\/atecordoba.org\/index.php?rest_route=%2Fwp%2Fv2%2Fcategories&post=6814"},{"taxonomy":"post_tag","embeddable":true,"href":"https:\/\/atecordoba.org\/index.php?rest_route=%2Fwp%2Fv2%2Ftags&post=6814"}],"curies":[{"name":"wp","href":"https:\/\/api.w.org\/{rel}","templated":true}]}}