{"id":6807,"date":"2016-05-11T18:54:31","date_gmt":"2016-05-11T21:54:31","guid":{"rendered":"http:\/\/www.atecordoba.org\/?p=6807"},"modified":"2016-05-11T18:54:31","modified_gmt":"2016-05-11T21:54:31","slug":"se-cumplio-la-primera-jornada-del-paro-por-48-horas-en-los-hospitales-provinciales","status":"publish","type":"post","link":"https:\/\/atecordoba.org\/?p=6807","title":{"rendered":"Se cumpli\u00f3 la primera jornada del paro por 48 horas en los hospitales provinciales"},"content":{"rendered":"<p><em>El paro resuelto por ATE, que tiene la adhesi\u00f3n de otras organizaciones gremiales, se funda en el reclamo por un aumento salarial que compense la escalada inflacionaria y la p\u00e9rdida de poder adquisitivo, situaci\u00f3n que exige una pauta salarial muy por encima del escaso 25% que otorg\u00f3 el gobierno de Schiaretti.<\/em><\/p>\n<figure id=\"attachment_6809\" aria-describedby=\"caption-attachment-6809\" style=\"width: 550px\" class=\"wp-caption aligncenter\"><img loading=\"lazy\" decoding=\"async\" class=\"wp-image-6809 size-full\" src=\"http:\/\/www.atecordoba.org\/wp-content\/uploads\/2016\/05\/WhatsApp-Image-20160511-2-e1463003421579.jpg\" alt=\"WhatsApp-Image-20160511\" width=\"550\" height=\"413\" \/><figcaption id=\"caption-attachment-6809\" class=\"wp-caption-text\">Abrazo en la manzana psiqui\u00e1trica<\/figcaption><\/figure>\n<p>La jornada de protesta expresa adem\u00e1s el reclamo por la falta de personal en los distintos centros de salud, as\u00ed como de insumos y las fallas en la infraestructura.<\/p>\n<p>Adem\u00e1s, ATE reclama la devoluci\u00f3n de los descuentos realizados por la Administraci\u00f3n provincial a los trabajadores que realizaron paros durante abril, que se imputaron en el \u00faltimo haber cobrado.<\/p>\n<figure id=\"attachment_6808\" aria-describedby=\"caption-attachment-6808\" style=\"width: 413px\" class=\"wp-caption aligncenter\"><img loading=\"lazy\" decoding=\"async\" class=\"wp-image-6808 size-full\" src=\"http:\/\/www.atecordoba.org\/wp-content\/uploads\/2016\/05\/WhatsApp-Image-20160511-1-e1463003472539.jpg\" alt=\"WhatsApp-Image-20160511 (1)\" width=\"413\" height=\"550\" \/><figcaption id=\"caption-attachment-6808\" class=\"wp-caption-text\">Trabajadores organizaron una choripaneada en el Misericordia<\/figcaption><\/figure>\n<p>En ese marco, los trabajadores del Neuropsiqui\u00e1trico, la Casa del Joven y el IPAD realizaron un abrazo solidario a la manzana psiqui\u00e1trica, conjuntamente entre trabajadores, pacientes y familiares.<\/p>\n<p><img loading=\"lazy\" decoding=\"async\" class=\"aligncenter size-full wp-image-6810\" src=\"http:\/\/www.atecordoba.org\/wp-content\/uploads\/2016\/05\/WhatsApp-Image-20160511-4-e1463003516820.jpg\" alt=\"WhatsApp-Image-20160511 (4)\" width=\"550\" height=\"413\" \/><\/p>\n<p>En tanto, el Hospital de Ni\u00f1os realiz\u00f3 una olla popular para recaudar dinero para el fondo de huelga, al igual que el Misericordia \u2013 con una choripaneada- y el Neonatal, donde los trabajadores vendieron empanadas con el mismo fin: paliar los descuentos realizados por el gobierno.<\/p>\n<p><img loading=\"lazy\" decoding=\"async\" class=\"aligncenter size-full wp-image-6811\" src=\"http:\/\/www.atecordoba.org\/wp-content\/uploads\/2016\/05\/WhatsApp-Image-20160511-3-e1463003561298.jpg\" alt=\"WhatsApp-Image-20160511 (3)\" width=\"413\" height=\"550\" \/><\/p>\n<p>A su vez, la Maternidad Provincial llev\u00f3 a cabo una asamblea, el C\u00f3rdoba llev\u00f3 a cabo una asamblea con quite de colaboraci\u00f3n, al igual que el Rawson, el Tr\u00e1nsito C\u00e1ceres de Allende y el Florencio D\u00edaz.<\/p>\n<figure id=\"attachment_6812\" aria-describedby=\"caption-attachment-6812\" style=\"width: 309px\" class=\"wp-caption aligncenter\"><img loading=\"lazy\" decoding=\"async\" class=\"wp-image-6812 size-full\" src=\"http:\/\/www.atecordoba.org\/wp-content\/uploads\/2016\/05\/WhatsApp-Image-20160511-5-e1463003628830.jpg\" alt=\"WhatsApp-Image-20160511 (5)\" width=\"309\" height=\"550\" \/><figcaption id=\"caption-attachment-6812\" class=\"wp-caption-text\">Locro popular en el Hospital de Ni\u00f1os<\/figcaption><\/figure>\n<p>Ma\u00f1ana se cumplir\u00e1 la segunda jornada del paro.<\/p>\n","protected":false},"excerpt":{"rendered":"<p>El paro resuelto por ATE, que tiene la adhesi\u00f3n de otras organizaciones gremiales, se funda en el reclamo por un aumento salarial que compense la escalada inflacionaria y la p\u00e9rdida de poder adquisitivo, situaci\u00f3n que exige una pauta salarial muy por encima del escaso 25% que otorg\u00f3 el gobierno de Schiaretti. La jornada de protesta [&hellip;]<\/p>\n","protected":false},"author":1,"featured_media":19220,"comment_status":"open","ping_status":"open","sticky":false,"template":"","format":"standard","meta":{"_exactmetrics_skip_tracking":false,"_exactmetrics_sitenote_active":false,"_exactmetrics_sitenote_note":"","_exactmetrics_sitenote_category":0,"jnews-multi-image_gallery":[],"jnews_single_post":[],"jnews_primary_category":[],"jnews_social_meta":[],"jnews_review":[],"enable_review":"","type":"","name":"","summary":"","brand":"","sku":"","good":[],"bad":[],"score_override":"","override_value":"","rating":[],"price":[],"jnews_override_counter":[],"jnews_post_split":[],"footnotes":""},"categories":[1],"tags":[],"class_list":["post-6807","post","type-post","status-publish","format-standard","has-post-thumbnail","hentry","category-sin-categoria"],"jetpack_featured_media_url":"https:\/\/atecordoba.org\/wp-content\/uploads\/2020\/05\/logo-nuevochico-e1561581322808.png","_links":{"self":[{"href":"https:\/\/atecordoba.org\/index.php?rest_route=\/wp\/v2\/posts\/6807","targetHints":{"allow":["GET"]}}],"collection":[{"href":"https:\/\/atecordoba.org\/index.php?rest_route=\/wp\/v2\/posts"}],"about":[{"href":"https:\/\/atecordoba.org\/index.php?rest_route=\/wp\/v2\/types\/post"}],"author":[{"embeddable":true,"href":"https:\/\/atecordoba.org\/index.php?rest_route=\/wp\/v2\/users\/1"}],"replies":[{"embeddable":true,"href":"https:\/\/atecordoba.org\/index.php?rest_route=%2Fwp%2Fv2%2Fcomments&post=6807"}],"version-history":[{"count":0,"href":"https:\/\/atecordoba.org\/index.php?rest_route=\/wp\/v2\/posts\/6807\/revisions"}],"wp:featuredmedia":[{"embeddable":true,"href":"https:\/\/atecordoba.org\/index.php?rest_route=\/wp\/v2\/media\/19220"}],"wp:attachment":[{"href":"https:\/\/atecordoba.org\/index.php?rest_route=%2Fwp%2Fv2%2Fmedia&parent=6807"}],"wp:term":[{"taxonomy":"category","embeddable":true,"href":"https:\/\/atecordoba.org\/index.php?rest_route=%2Fwp%2Fv2%2Fcategories&post=6807"},{"taxonomy":"post_tag","embeddable":true,"href":"https:\/\/atecordoba.org\/index.php?rest_route=%2Fwp%2Fv2%2Ftags&post=6807"}],"curies":[{"name":"wp","href":"https:\/\/api.w.org\/{rel}","templated":true}]}}