{"id":6801,"date":"2016-05-11T16:09:43","date_gmt":"2016-05-11T19:09:43","guid":{"rendered":"http:\/\/www.atecordoba.org\/?p=6801"},"modified":"2016-05-11T16:09:43","modified_gmt":"2016-05-11T19:09:43","slug":"jornada-nacional-de-protesta-en-el-ministerio-de-trabajo-de-la-nacion","status":"publish","type":"post","link":"https:\/\/atecordoba.org\/?p=6801","title":{"rendered":"Jornada nacional de protesta en el Ministerio de Trabajo de la Naci\u00f3n"},"content":{"rendered":"<div><em>En el marco del plan de lucha que ATE viene realizando contra los despidos en distintos organismos del Estado nacional, los trabajadores del Ministerio de Trabajo realizar\u00e1n el pr\u00f3ximo <span id=\"OBJ_PREFIX_DWT176_com_zimbra_date\" class=\"Object\">viernes<\/span> 13 una jornada nacional de protesta, con distintas medidas de acci\u00f3n directa, para expresar el repudio a los despidos en el sector, que al d\u00eda de la fecha alcanzan a 280 a nivel nacional y siete en C\u00f3rdoba.<\/em><\/div>\n<div><img loading=\"lazy\" decoding=\"async\" class=\"aligncenter size-full wp-image-6802\" src=\"http:\/\/www.atecordoba.org\/wp-content\/uploads\/2016\/05\/WhatsApp-Image-20160511-e1462993760360.jpg\" alt=\"WhatsApp-Image-20160511\" width=\"389\" height=\"550\" \/><\/div>\n<div>Por ello, los compa\u00f1eros de la delegaci\u00f3n local \u00a0realizar\u00e1n un acto a las 10 horas frente al organismo, <span id=\"OBJ_PREFIX_DWT177_com_zimbra_date\" class=\"Object\">27 de abril<\/span> 359.<\/div>\n","protected":false},"excerpt":{"rendered":"<p>En el marco del plan de lucha que ATE viene realizando contra los despidos en distintos organismos del Estado nacional, los trabajadores del Ministerio de Trabajo realizar\u00e1n el pr\u00f3ximo viernes 13 una jornada nacional de protesta, con distintas medidas de acci\u00f3n directa, para expresar el repudio a los despidos en el sector, que al d\u00eda [&hellip;]<\/p>\n","protected":false},"author":1,"featured_media":19220,"comment_status":"open","ping_status":"open","sticky":false,"template":"","format":"standard","meta":{"_exactmetrics_skip_tracking":false,"_exactmetrics_sitenote_active":false,"_exactmetrics_sitenote_note":"","_exactmetrics_sitenote_category":0,"jnews-multi-image_gallery":[],"jnews_single_post":[],"jnews_primary_category":[],"jnews_social_meta":[],"jnews_review":[],"enable_review":"","type":"","name":"","summary":"","brand":"","sku":"","good":[],"bad":[],"score_override":"","override_value":"","rating":[],"price":[],"jnews_override_counter":[],"jnews_post_split":[],"footnotes":""},"categories":[107,18],"tags":[],"class_list":["post-6801","post","type-post","status-publish","format-standard","has-post-thumbnail","hentry","category-ministerio-de-trabajo","category-nacionales"],"jetpack_featured_media_url":"https:\/\/atecordoba.org\/wp-content\/uploads\/2020\/05\/logo-nuevochico-e1561581322808.png","_links":{"self":[{"href":"https:\/\/atecordoba.org\/index.php?rest_route=\/wp\/v2\/posts\/6801","targetHints":{"allow":["GET"]}}],"collection":[{"href":"https:\/\/atecordoba.org\/index.php?rest_route=\/wp\/v2\/posts"}],"about":[{"href":"https:\/\/atecordoba.org\/index.php?rest_route=\/wp\/v2\/types\/post"}],"author":[{"embeddable":true,"href":"https:\/\/atecordoba.org\/index.php?rest_route=\/wp\/v2\/users\/1"}],"replies":[{"embeddable":true,"href":"https:\/\/atecordoba.org\/index.php?rest_route=%2Fwp%2Fv2%2Fcomments&post=6801"}],"version-history":[{"count":0,"href":"https:\/\/atecordoba.org\/index.php?rest_route=\/wp\/v2\/posts\/6801\/revisions"}],"wp:featuredmedia":[{"embeddable":true,"href":"https:\/\/atecordoba.org\/index.php?rest_route=\/wp\/v2\/media\/19220"}],"wp:attachment":[{"href":"https:\/\/atecordoba.org\/index.php?rest_route=%2Fwp%2Fv2%2Fmedia&parent=6801"}],"wp:term":[{"taxonomy":"category","embeddable":true,"href":"https:\/\/atecordoba.org\/index.php?rest_route=%2Fwp%2Fv2%2Fcategories&post=6801"},{"taxonomy":"post_tag","embeddable":true,"href":"https:\/\/atecordoba.org\/index.php?rest_route=%2Fwp%2Fv2%2Ftags&post=6801"}],"curies":[{"name":"wp","href":"https:\/\/api.w.org\/{rel}","templated":true}]}}