{"id":6798,"date":"2016-05-06T19:04:08","date_gmt":"2016-05-06T22:04:08","guid":{"rendered":"http:\/\/www.atecordoba.org\/?p=6798"},"modified":"2016-05-06T19:04:08","modified_gmt":"2016-05-06T22:04:08","slug":"ate-rechaza-expresiones-de-fortuna-y-ratifica-el-impacto-del-paro-de-hoy-en-los-hospitales","status":"publish","type":"post","link":"https:\/\/atecordoba.org\/?p=6798","title":{"rendered":"ATE rechaza expresiones de Fortuna y ratifica el impacto del paro de hoy en los hospitales"},"content":{"rendered":"<p><em>Ante las declaraciones citadas en un medio de comunicaci\u00f3n del ministro de Salud Francisco Fortuna, en el sentido que el paro realizado hoy por los trabajadores de los hospitales no tuvo efecto en la prestaci\u00f3n de los servicios, ATE cumple en aclarar que la medida de fuerza alcanz\u00f3 un alto grado de acatamiento en los diversos nosocomios, resintiendo la atenci\u00f3n de los pacientes durante la jornada.\u00a0<\/em><\/p>\n<figure id=\"attachment_6799\" aria-describedby=\"caption-attachment-6799\" style=\"width: 550px\" class=\"wp-caption aligncenter\"><img loading=\"lazy\" decoding=\"async\" class=\"wp-image-6799 size-full\" src=\"http:\/\/www.atecordoba.org\/wp-content\/uploads\/2016\/05\/WhatsApp-Image-20160506-e1462572176594.jpg\" alt=\"WhatsApp-Image-20160506\" width=\"550\" height=\"412\" \/><figcaption id=\"caption-attachment-6799\" class=\"wp-caption-text\">Trabajadores reunidos durante el paro de hoy en el hall principal del Hospital Neonatal<\/figcaption><\/figure>\n<p>Tal es as\u00ed que en hospitales como el Neonatal, Misericordia o San Roque, los pacientes debieron aglomerarse frente a los turneros ya que no realizar los turnos programados. De la misma forma, la atenci\u00f3n en los dem\u00e1s nosocomios la atenci\u00f3n se prest\u00f3 de forma parcial, s\u00f3lo all\u00ed donde los profesionales no se encuentran representados por ATE. Sin embargo,\u00a0en esos casos los trabajadores de enfermer\u00eda, administraci\u00f3n y maestranza, as\u00ed como gran cantidad de m\u00e9dicos, cumplieron el paro conforme a las expectativas previstas.<\/p>\n<p>Vale se\u00f1alar que se garantizaron las guardias m\u00ednimas de urgencias y emergencias, tal como obliga la ley. Quiz\u00e1s a ese servicio se refiera Fortuna en sus desafortunadas declaraciones, que s\u00f3lo exacerban m\u00e1s aun el malestar de los trabajadores, dada la m\u00edsera pauta salarial otorgada por el gobierno provincial para este a\u00f1o.<\/p>\n<p>La conducci\u00f3n del gremio convoc\u00f3 para el pr\u00f3ximo lunes a una reuni\u00f3n del cuerpo de delegados provinciales para evaluar los pasos a seguir.<\/p>\n<p>&nbsp;<\/p>\n","protected":false},"excerpt":{"rendered":"<p>Ante las declaraciones citadas en un medio de comunicaci\u00f3n del ministro de Salud Francisco Fortuna, en el sentido que el paro realizado hoy por los trabajadores de los hospitales no tuvo efecto en la prestaci\u00f3n de los servicios, ATE cumple en aclarar que la medida de fuerza alcanz\u00f3 un alto grado de acatamiento en los [&hellip;]<\/p>\n","protected":false},"author":1,"featured_media":19220,"comment_status":"open","ping_status":"open","sticky":false,"template":"","format":"standard","meta":{"_exactmetrics_skip_tracking":false,"_exactmetrics_sitenote_active":false,"_exactmetrics_sitenote_note":"","_exactmetrics_sitenote_category":0,"jnews-multi-image_gallery":[],"jnews_single_post":[],"jnews_primary_category":[],"jnews_social_meta":[],"jnews_review":[],"enable_review":"","type":"","name":"","summary":"","brand":"","sku":"","good":[],"bad":[],"score_override":"","override_value":"","rating":[],"price":[],"jnews_override_counter":[],"jnews_post_split":[],"footnotes":""},"categories":[7,8],"tags":[],"class_list":["post-6798","post","type-post","status-publish","format-standard","has-post-thumbnail","hentry","category-hospitales","category-provinciales"],"jetpack_featured_media_url":"https:\/\/atecordoba.org\/wp-content\/uploads\/2020\/05\/logo-nuevochico-e1561581322808.png","_links":{"self":[{"href":"https:\/\/atecordoba.org\/index.php?rest_route=\/wp\/v2\/posts\/6798","targetHints":{"allow":["GET"]}}],"collection":[{"href":"https:\/\/atecordoba.org\/index.php?rest_route=\/wp\/v2\/posts"}],"about":[{"href":"https:\/\/atecordoba.org\/index.php?rest_route=\/wp\/v2\/types\/post"}],"author":[{"embeddable":true,"href":"https:\/\/atecordoba.org\/index.php?rest_route=\/wp\/v2\/users\/1"}],"replies":[{"embeddable":true,"href":"https:\/\/atecordoba.org\/index.php?rest_route=%2Fwp%2Fv2%2Fcomments&post=6798"}],"version-history":[{"count":0,"href":"https:\/\/atecordoba.org\/index.php?rest_route=\/wp\/v2\/posts\/6798\/revisions"}],"wp:featuredmedia":[{"embeddable":true,"href":"https:\/\/atecordoba.org\/index.php?rest_route=\/wp\/v2\/media\/19220"}],"wp:attachment":[{"href":"https:\/\/atecordoba.org\/index.php?rest_route=%2Fwp%2Fv2%2Fmedia&parent=6798"}],"wp:term":[{"taxonomy":"category","embeddable":true,"href":"https:\/\/atecordoba.org\/index.php?rest_route=%2Fwp%2Fv2%2Fcategories&post=6798"},{"taxonomy":"post_tag","embeddable":true,"href":"https:\/\/atecordoba.org\/index.php?rest_route=%2Fwp%2Fv2%2Ftags&post=6798"}],"curies":[{"name":"wp","href":"https:\/\/api.w.org\/{rel}","templated":true}]}}