{"id":6791,"date":"2016-05-05T17:41:14","date_gmt":"2016-05-05T20:41:14","guid":{"rendered":"http:\/\/www.atecordoba.org\/?p=6791"},"modified":"2016-05-05T17:41:14","modified_gmt":"2016-05-05T20:41:14","slug":"delegados-nacionales-se-reunieron-para-discutir-un-plan-de-lucha-de-cara-a-las-paritarias","status":"publish","type":"post","link":"https:\/\/atecordoba.org\/?p=6791","title":{"rendered":"Delegados nacionales se reunieron para discutir un plan de lucha de cara a las paritarias"},"content":{"rendered":"<p><em>En plenario de delegados nacionales se llev\u00f3 a cabo hoy en la sede ATE C\u00f3rdoba y estuvo presidido por la Secretaria General, Mar\u00eda Liliana Salerno. Se resolvi\u00f3 instalar una carpa en plaza San Mart\u00edn e iniciar asambleas en todos los organismos.\u00a0<\/em><\/p>\n<p><img loading=\"lazy\" decoding=\"async\" class=\"aligncenter size-full wp-image-6792\" src=\"http:\/\/www.atecordoba.org\/wp-content\/uploads\/2016\/05\/plenario-nacionales-5-5-e1462480814974.jpg\" alt=\"plenario nacionales 5-5\" width=\"550\" height=\"309\" \/><\/p>\n<p>Los compa\u00f1eros acordaron reclamar un piso salarial de 18 mil pesos para la categor\u00eda inicial, en l\u00ednea\u00a0con el valor de la canasta familiar establecida por la Junta interna de ATE-INDEC.<\/p>\n<p>El reclamo se fundamenta en la escalada de precios de productos de consumo b\u00e1sico, los tarifazos en los servicios y aumentos de impuestos que han mellado el poder adquisitivo de los salarios, situaci\u00f3n que obliga a una recomposici\u00f3n salarial acorde al impacto sufrido en los bolsillos de los trabajadores.<\/p>\n<p>Adem\u00e1s, se resolvi\u00f3 iniciar una campa\u00f1a de difusi\u00f3n p\u00fablica, con la instalaci\u00f3n de una carpa en la Plaza San Mart\u00edn, para concientizar a la comunidad sobre el rol que cumplen cada uno de los organismos del Estado Nacional para garantizar los derechos de la poblaci\u00f3n, as\u00ed como la importancia de los trabajadores en el cumplimiento de sus\u00a0tareas para que los derechos se hagan efectivos.<\/p>\n<p>El plenario se expres\u00f3 a favor de un llamado para construir la unidad de los trabajadores en la lucha, de cara a la\u00a0etapa de ajuste que atraviesa el pa\u00eds.<\/p>\n","protected":false},"excerpt":{"rendered":"<p>En plenario de delegados nacionales se llev\u00f3 a cabo hoy en la sede ATE C\u00f3rdoba y estuvo presidido por la Secretaria General, Mar\u00eda Liliana Salerno. Se resolvi\u00f3 instalar una carpa en plaza San Mart\u00edn e iniciar asambleas en todos los organismos.\u00a0 Los compa\u00f1eros acordaron reclamar un piso salarial de 18 mil pesos para la categor\u00eda [&hellip;]<\/p>\n","protected":false},"author":1,"featured_media":19220,"comment_status":"open","ping_status":"open","sticky":false,"template":"","format":"standard","meta":{"_exactmetrics_skip_tracking":false,"_exactmetrics_sitenote_active":false,"_exactmetrics_sitenote_note":"","_exactmetrics_sitenote_category":0,"jnews-multi-image_gallery":[],"jnews_single_post":[],"jnews_primary_category":[],"jnews_social_meta":[],"jnews_review":[],"enable_review":"","type":"","name":"","summary":"","brand":"","sku":"","good":[],"bad":[],"score_override":"","override_value":"","rating":[],"price":[],"jnews_override_counter":[],"jnews_post_split":[],"footnotes":""},"categories":[18],"tags":[],"class_list":["post-6791","post","type-post","status-publish","format-standard","has-post-thumbnail","hentry","category-nacionales"],"jetpack_featured_media_url":"https:\/\/atecordoba.org\/wp-content\/uploads\/2020\/05\/logo-nuevochico-e1561581322808.png","_links":{"self":[{"href":"https:\/\/atecordoba.org\/index.php?rest_route=\/wp\/v2\/posts\/6791","targetHints":{"allow":["GET"]}}],"collection":[{"href":"https:\/\/atecordoba.org\/index.php?rest_route=\/wp\/v2\/posts"}],"about":[{"href":"https:\/\/atecordoba.org\/index.php?rest_route=\/wp\/v2\/types\/post"}],"author":[{"embeddable":true,"href":"https:\/\/atecordoba.org\/index.php?rest_route=\/wp\/v2\/users\/1"}],"replies":[{"embeddable":true,"href":"https:\/\/atecordoba.org\/index.php?rest_route=%2Fwp%2Fv2%2Fcomments&post=6791"}],"version-history":[{"count":0,"href":"https:\/\/atecordoba.org\/index.php?rest_route=\/wp\/v2\/posts\/6791\/revisions"}],"wp:featuredmedia":[{"embeddable":true,"href":"https:\/\/atecordoba.org\/index.php?rest_route=\/wp\/v2\/media\/19220"}],"wp:attachment":[{"href":"https:\/\/atecordoba.org\/index.php?rest_route=%2Fwp%2Fv2%2Fmedia&parent=6791"}],"wp:term":[{"taxonomy":"category","embeddable":true,"href":"https:\/\/atecordoba.org\/index.php?rest_route=%2Fwp%2Fv2%2Fcategories&post=6791"},{"taxonomy":"post_tag","embeddable":true,"href":"https:\/\/atecordoba.org\/index.php?rest_route=%2Fwp%2Fv2%2Ftags&post=6791"}],"curies":[{"name":"wp","href":"https:\/\/api.w.org\/{rel}","templated":true}]}}