{"id":6788,"date":"2016-05-04T16:53:53","date_gmt":"2016-05-04T19:53:53","guid":{"rendered":"http:\/\/www.atecordoba.org\/?p=6788"},"modified":"2016-05-04T16:53:53","modified_gmt":"2016-05-04T19:53:53","slug":"paro-de-ate-en-la-provincia-paralizara-los-hospitales-el-viernes-6-de-mayo","status":"publish","type":"post","link":"https:\/\/atecordoba.org\/?p=6788","title":{"rendered":"Paro de ATE en la provincia paralizar\u00e1 los hospitales el viernes 6 de mayo"},"content":{"rendered":"<p><em>As\u00ed lo resolvi\u00f3\u00a0la Comisi\u00f3n Directiva y el cuerpo de delegados provinciales de ATE, ante la persistente falta de convocatoria del gobierno a rediscutir la pauta salarial. Adem\u00e1s ATE reclama la devoluci\u00f3n de los descuentos por d\u00edas de paro de abril.<\/em><\/p>\n<p><img loading=\"lazy\" decoding=\"async\" class=\"aligncenter size-full wp-image-6647\" src=\"http:\/\/www.atecordoba.org\/wp-content\/uploads\/2016\/04\/DSC_0453-e1460059881863.jpg\" alt=\"DSC_0453\" width=\"550\" height=\"309\" \/><\/p>\n<p>La medida de fuerza se realizar\u00e1 el pr\u00f3ximo viernes en todos hospitales provinciales y sectores de la administraci\u00f3n p\u00fablica donde ATE cuenta con representaci\u00f3n gremial.<\/p>\n<p>El paro est\u00e1 motivado por la falta de respuestas del gobierno provincial a los planteos que ATE viene realizando, y en continuidad del plan de lucha. Tras\u00a0la medida de fuerza llevada a cabo la semana pasada, los trabajadores expresaron en las distintas asambleas profundizar las protesta. A esto se suma el repudio por los descuentos realizados en los haberes de abril por los paros anteriores.<\/p>\n<p>Los trabajadores reclaman:<\/p>\n<ul>\n<li>Por una recomposici\u00f3n salarial que compense la ca\u00edda del poder adquisitivo, producto de la brutal devaluaci\u00f3n y el proceso inflacionario.<\/li>\n<li>Por la reincorporaci\u00f3n de los despedidos arbitrariamente en las distintas \u00e1reas de la Provincia.<\/li>\n<li>Por jubilaciones dignas y el 82% m\u00f3vil real y de bolsillo y la derogaci\u00f3n de la ley 10333.<\/li>\n<li>Por recategorizaciones, promociones y carrera administrativa de los trabajadores de las leyes 7625 y 7233<\/li>\n<li>En repudio a los descuentos arbitrarios realizados por el gobierno provincial<\/li>\n<\/ul>\n<p>Seg\u00fan se estableci\u00f3 en la reuni\u00f3n de Comisi\u00f3n Directiva, cada sector definir\u00e1 la modalidad de protesta durante la jornada.<\/p>\n<p>&nbsp;<\/p>\n","protected":false},"excerpt":{"rendered":"<p>As\u00ed lo resolvi\u00f3\u00a0la Comisi\u00f3n Directiva y el cuerpo de delegados provinciales de ATE, ante la persistente falta de convocatoria del gobierno a rediscutir la pauta salarial. Adem\u00e1s ATE reclama la devoluci\u00f3n de los descuentos por d\u00edas de paro de abril. La medida de fuerza se realizar\u00e1 el pr\u00f3ximo viernes en todos hospitales provinciales y sectores [&hellip;]<\/p>\n","protected":false},"author":1,"featured_media":19220,"comment_status":"open","ping_status":"open","sticky":false,"template":"","format":"standard","meta":{"_exactmetrics_skip_tracking":false,"_exactmetrics_sitenote_active":false,"_exactmetrics_sitenote_note":"","_exactmetrics_sitenote_category":0,"jnews-multi-image_gallery":[],"jnews_single_post":[],"jnews_primary_category":[],"jnews_social_meta":[],"jnews_review":[],"enable_review":"","type":"","name":"","summary":"","brand":"","sku":"","good":[],"bad":[],"score_override":"","override_value":"","rating":[],"price":[],"jnews_override_counter":[],"jnews_post_split":[],"footnotes":""},"categories":[7,8],"tags":[],"class_list":["post-6788","post","type-post","status-publish","format-standard","has-post-thumbnail","hentry","category-hospitales","category-provinciales"],"jetpack_featured_media_url":"https:\/\/atecordoba.org\/wp-content\/uploads\/2020\/05\/logo-nuevochico-e1561581322808.png","_links":{"self":[{"href":"https:\/\/atecordoba.org\/index.php?rest_route=\/wp\/v2\/posts\/6788","targetHints":{"allow":["GET"]}}],"collection":[{"href":"https:\/\/atecordoba.org\/index.php?rest_route=\/wp\/v2\/posts"}],"about":[{"href":"https:\/\/atecordoba.org\/index.php?rest_route=\/wp\/v2\/types\/post"}],"author":[{"embeddable":true,"href":"https:\/\/atecordoba.org\/index.php?rest_route=\/wp\/v2\/users\/1"}],"replies":[{"embeddable":true,"href":"https:\/\/atecordoba.org\/index.php?rest_route=%2Fwp%2Fv2%2Fcomments&post=6788"}],"version-history":[{"count":0,"href":"https:\/\/atecordoba.org\/index.php?rest_route=\/wp\/v2\/posts\/6788\/revisions"}],"wp:featuredmedia":[{"embeddable":true,"href":"https:\/\/atecordoba.org\/index.php?rest_route=\/wp\/v2\/media\/19220"}],"wp:attachment":[{"href":"https:\/\/atecordoba.org\/index.php?rest_route=%2Fwp%2Fv2%2Fmedia&parent=6788"}],"wp:term":[{"taxonomy":"category","embeddable":true,"href":"https:\/\/atecordoba.org\/index.php?rest_route=%2Fwp%2Fv2%2Fcategories&post=6788"},{"taxonomy":"post_tag","embeddable":true,"href":"https:\/\/atecordoba.org\/index.php?rest_route=%2Fwp%2Fv2%2Ftags&post=6788"}],"curies":[{"name":"wp","href":"https:\/\/api.w.org\/{rel}","templated":true}]}}