{"id":6785,"date":"2016-05-04T15:48:53","date_gmt":"2016-05-04T18:48:53","guid":{"rendered":"http:\/\/www.atecordoba.org\/?p=6785"},"modified":"2016-05-04T15:48:53","modified_gmt":"2016-05-04T18:48:53","slug":"anac-cuarta-conciliacion-obligatoria-sin-respuesta","status":"publish","type":"post","link":"https:\/\/atecordoba.org\/?p=6785","title":{"rendered":"ANAC: Cuarta conciliaci\u00f3n obligatoria sin respuesta"},"content":{"rendered":"<p><em>Ayer por tarde se realiz\u00f3 una reuni\u00f3n en el Ministerio de Trabajo con funcionarios de ANAC (Administraci\u00f3n Nacional de Aviaci\u00f3n Civil) quienes una vez m\u00e1s dictaron la conciliaci\u00f3n obligatoria sin dar respuesta al reclamo de los trabajadores del sector.<\/em><\/p>\n<p><img loading=\"lazy\" decoding=\"async\" class=\"aligncenter size-full wp-image-6786\" src=\"http:\/\/www.atecordoba.org\/wp-content\/uploads\/2016\/05\/anac-corte.png\" alt=\"anac - corte\" width=\"550\" height=\"412\" \/><\/p>\n<p><span style=\"font-style: inherit; font-weight: inherit;\">Ante esto, los trabajadores debieron levantar la medida de fuerza que se iba a realizar ma\u00f1ana en todos los aeropuertos del pa\u00eds. Sin embargo, se estableci\u00f3 una nueva reuni\u00f3n para la semana entrante y de no haber soluci\u00f3n alguna se iniciar\u00e1 nuevas medidas.<\/span><\/p>\n<p><span style=\"font-style: inherit; font-weight: inherit;\"><span style=\"font-style: inherit; font-weight: inherit;\">Con esta, se dict\u00f3 la cuarta conciliaci\u00f3n obligatoria en los \u00faltimos cuatro meses y con un clara falta de voluntad por parte de los funcionarios del Ministerio de Transporte que no se hicieron presentes en dicha reuni\u00f3n.<\/span><\/span><\/p>\n<p><span style=\"font-style: inherit; font-weight: inherit;\"><span style=\"font-style: inherit; font-weight: inherit;\">A pesar de la conciliaci\u00f3n obligatoria que la delegaci\u00f3n de ATE no firm\u00f3, adem\u00e1s est\u00e1 previsto una movilizaci\u00f3n por parte de los trabajadores en las pr\u00f3ximas semanas.<\/span><\/span><\/p>\n<p><span style=\"font-style: inherit; font-weight: inherit;\"><span style=\"font-style: inherit; font-weight: inherit;\">\u201cSi la semana que viene no hay soluci\u00f3n vamos realizar una nueva medida de fuerza para que se entienda que la conciliaci\u00f3n obligatoria no es una instituci\u00f3n que pueda ser utilizada para limitar a los trabajadores sino como un instrumenta para la b\u00fasqueda de soluciones y no para reforzar la explotaci\u00f3n\u201d, dijo Silvia Le\u00f3n, Secretaria de Organizaci\u00f3n de ATE nacional.<\/span><\/span><\/p>\n<p><span style=\"font-style: inherit; font-weight: inherit;\"><span style=\"font-style: inherit; font-weight: inherit;\">En ese tono, Marcelo Belelli, delegado de Ezeiza y miembro de la coordinaci\u00f3n de ATE ANAC se\u00f1al\u00f3 que \u201cle solicitamos a Dietrich que tenga la voluntad de escuchar a los trabajadores de ATE y que en caso de no mediar un \u00e1mbito genuino de dialogo vamos a intensificar la pelea y que no vamos a avalar de ninguna manera la p\u00e9rdida de la estabilidad del empleado p\u00fablico\u201d.<\/span><\/span><\/p>\n<p><span style=\"font-style: inherit; font-weight: inherit;\"><span style=\"font-style: inherit; font-weight: inherit;\">Adem\u00e1s estuvieron presentes Marcos Casanova, Marcelo Cansinos, Mart\u00edn Taborda y Alejandro Belelli, todos delegados de ATE ANAC.<\/span><\/span><\/p>\n","protected":false},"excerpt":{"rendered":"<p>Ayer por tarde se realiz\u00f3 una reuni\u00f3n en el Ministerio de Trabajo con funcionarios de ANAC (Administraci\u00f3n Nacional de Aviaci\u00f3n Civil) quienes una vez m\u00e1s dictaron la conciliaci\u00f3n obligatoria sin dar respuesta al reclamo de los trabajadores del sector. Ante esto, los trabajadores debieron levantar la medida de fuerza que se iba a realizar ma\u00f1ana [&hellip;]<\/p>\n","protected":false},"author":1,"featured_media":19220,"comment_status":"open","ping_status":"open","sticky":false,"template":"","format":"standard","meta":{"_exactmetrics_skip_tracking":false,"_exactmetrics_sitenote_active":false,"_exactmetrics_sitenote_note":"","_exactmetrics_sitenote_category":0,"jnews-multi-image_gallery":[],"jnews_single_post":[],"jnews_primary_category":[],"jnews_social_meta":[],"jnews_review":[],"enable_review":"","type":"","name":"","summary":"","brand":"","sku":"","good":[],"bad":[],"score_override":"","override_value":"","rating":[],"price":[],"jnews_override_counter":[],"jnews_post_split":[],"footnotes":""},"categories":[18],"tags":[],"class_list":["post-6785","post","type-post","status-publish","format-standard","has-post-thumbnail","hentry","category-nacionales"],"jetpack_featured_media_url":"https:\/\/atecordoba.org\/wp-content\/uploads\/2020\/05\/logo-nuevochico-e1561581322808.png","_links":{"self":[{"href":"https:\/\/atecordoba.org\/index.php?rest_route=\/wp\/v2\/posts\/6785","targetHints":{"allow":["GET"]}}],"collection":[{"href":"https:\/\/atecordoba.org\/index.php?rest_route=\/wp\/v2\/posts"}],"about":[{"href":"https:\/\/atecordoba.org\/index.php?rest_route=\/wp\/v2\/types\/post"}],"author":[{"embeddable":true,"href":"https:\/\/atecordoba.org\/index.php?rest_route=\/wp\/v2\/users\/1"}],"replies":[{"embeddable":true,"href":"https:\/\/atecordoba.org\/index.php?rest_route=%2Fwp%2Fv2%2Fcomments&post=6785"}],"version-history":[{"count":0,"href":"https:\/\/atecordoba.org\/index.php?rest_route=\/wp\/v2\/posts\/6785\/revisions"}],"wp:featuredmedia":[{"embeddable":true,"href":"https:\/\/atecordoba.org\/index.php?rest_route=\/wp\/v2\/media\/19220"}],"wp:attachment":[{"href":"https:\/\/atecordoba.org\/index.php?rest_route=%2Fwp%2Fv2%2Fmedia&parent=6785"}],"wp:term":[{"taxonomy":"category","embeddable":true,"href":"https:\/\/atecordoba.org\/index.php?rest_route=%2Fwp%2Fv2%2Fcategories&post=6785"},{"taxonomy":"post_tag","embeddable":true,"href":"https:\/\/atecordoba.org\/index.php?rest_route=%2Fwp%2Fv2%2Ftags&post=6785"}],"curies":[{"name":"wp","href":"https:\/\/api.w.org\/{rel}","templated":true}]}}