{"id":6759,"date":"2016-05-02T16:17:37","date_gmt":"2016-05-02T19:17:37","guid":{"rendered":"http:\/\/www.atecordoba.org\/?p=6759"},"modified":"2016-05-02T16:17:37","modified_gmt":"2016-05-02T19:17:37","slug":"ate-resolvio-paro-nacional-en-los-aeropuertos-el-proximo-4-de-mayo","status":"publish","type":"post","link":"https:\/\/atecordoba.org\/?p=6759","title":{"rendered":"ATE resolvi\u00f3 paro nacional en los aeropuertos para el pr\u00f3ximo 4 de mayo"},"content":{"rendered":"<p><em>La medida afectar\u00e1 los servicios de navegaci\u00f3n a\u00e9rea y servicios auxiliares, lo que en la pr\u00e1ctica provocar\u00e1 demoras en las partidas de los vuelos, dentro del \u00e1mbito de la Administraci\u00f3n Nacional de Aviaci\u00f3n Civil (ANAC). En la provincia de C\u00f3rdoba, el paro tendr\u00e1 impacto en los aeropuertos de C\u00f3rdoba Capital y R\u00edo Cuarto, donde, tal como exige la ley, se cumplir\u00e1n los servicios esenciales para mantener la seguridad a\u00e9rea. \u00a0<\/em><\/p>\n<p><img loading=\"lazy\" decoding=\"async\" class=\"aligncenter size-full wp-image-6760\" src=\"http:\/\/www.atecordoba.org\/wp-content\/uploads\/2016\/05\/web.png\" alt=\"web\" width=\"550\" height=\"412\" \/><\/p>\n<p>Los trabajadores realizar\u00e1n el paro nacional en reclamo de:<\/p>\n<ul>\n<li>convenio colectivo de trabajo<\/li>\n<li>\u00a0pase a planta permanente del personal precarizado<\/li>\n<li>\u00a0incorporaci\u00f3n de personal en los distintos servicios operativos y administrativos<\/li>\n<li>\u00a0rechazo del traspaso de aeropuertos civiles al Ministerio de Defensa, que estableci\u00f3 la ley 27161 anexo 1<\/li>\n<li>\u00a0pago de reencasillamiento<\/li>\n<li>\u00a0cumplimiento de acuerdos salariales preexistentes adeudados (racionamiento 2011-2012 y suplementos varios)<\/li>\n<\/ul>\n<p><strong>Los incumplimientos que causaron el paro<\/strong><\/p>\n<p>El paro se origina en los incumplimientos del gobierno nacional, ya que este mes ten\u00edan que hacerse efectivo el pago de los reencasillamientos o cambio de letras acordados con la administraci\u00f3n anterior ANAC, y que esta gesti\u00f3n actual reviso nuevamente expediente por expediente y envi\u00f3 a Modernizaci\u00f3n. Tal como se acord\u00f3 el pago de los mismos se debi\u00f3 realizarse con los haberes de abril, quedando pendiente un pedido de ATE para hacerlos retroactivos a enero.<\/p>\n<p>El nuevo incumplimiento, dado que la problem\u00e1tica se arrastra desde el anterior gobierno, tiene como responsable al nuevo y nefasto Ministerio de Modernizaci\u00f3n. Hoy les toca a los trabajadores de los servicios de aviaci\u00f3n a\u00e9rea sufrir los alcances de este organismo que ha sido el gran protagonista en los m\u00e1s de 10 mil despidos en el Estado Nacional, entre otras poco felices intervenciones.<\/p>\n<p><img loading=\"lazy\" decoding=\"async\" class=\"aligncenter wp-image-6763\" src=\"http:\/\/www.atecordoba.org\/wp-content\/uploads\/2016\/05\/WhatsApp-Image-20160502.jpg\" alt=\"WhatsApp-Image-20160502\" width=\"548\" height=\"411\" \/><\/p>\n<p>Tampoco se han pagado los racionamientos de los per\u00edodos 2011 y 2012 en los aeropuertos que a\u00fan faltan por cobrar. Esta serie de incumplimientos obligan a ATE a estar a la altura de la circunstancias y manifestar el malestar de los trabajadores del sector.<\/p>\n<p>Todo este cuadro se suma a la gran mentira de EANA S.E. (Empresa Argentina de Navegaci\u00f3n A\u00e9rea, Sociedad del Estado) creada por ley el a\u00f1o pasado, que contiene a los servicios de navegaci\u00f3n a\u00e9rea \u2013control de tr\u00e1nsito a\u00e9reo, informaci\u00f3n aeron\u00e1utica y comunicaciones, entre otros\u2013, donde el personal que hoy se encuentra bajo la ley marco de la Administraci\u00f3n P\u00fablica Nacional, pasar\u00e1 a estar regido bajo el r\u00e9gimen de la ley de contrato de trabajo, perdiendo la estabilidad laboral que la Constituci\u00f3n garantiza a los trabajadores estatales.<\/p>\n<p><img loading=\"lazy\" decoding=\"async\" class=\"aligncenter wp-image-6764\" src=\"http:\/\/www.atecordoba.org\/wp-content\/uploads\/2016\/05\/WhatsApp-Image-20160502-1.jpg\" alt=\"WhatsApp-Image-20160502 (1)\" width=\"550\" height=\"412\" \/><\/p>\n<p>Asimismo, la creaci\u00f3n de la EANA entrega nueve aeropuertos al \u00e1mbito del Ministerio de Defensa y obliga a los trabajadores cambiar de puesto de trabajo, ya que ser\u00e1n reemplazados por personal militar. Esto implica la p\u00e9rdida de derechos adquiridos, el desarraigo si el compa\u00f1ero elige trasladarse a otro aeropuerto que no est\u00e9 dentro del \u00e1mbito de Defensa u optar por dejar su actividad espec\u00edfica para la que fue formado, para ser destinado en otro organismo aun dentro de la misma localidad.<\/p>\n<p>Vale se\u00f1alar que se trata de personal especializado y de alta formaci\u00f3n t\u00e9cnica y profesional, en muchos caso con m\u00e1s de 20 a\u00f1os de antig\u00fcedad en el puesto de trabajo.<\/p>\n<p style=\"text-align: center;\"><strong>Por todo ello, ATE decret\u00f3 paro nacional.<\/strong><\/p>\n<p style=\"text-align: center;\"><strong>El trabajo no se negocia, la estabilidad tampoco.<\/strong><\/p>\n<p style=\"text-align: center;\"><strong>Cumplen con los acuerdos o no vuela nadie<\/strong><\/p>\n","protected":false},"excerpt":{"rendered":"<p>La medida afectar\u00e1 los servicios de navegaci\u00f3n a\u00e9rea y servicios auxiliares, lo que en la pr\u00e1ctica provocar\u00e1 demoras en las partidas de los vuelos, dentro del \u00e1mbito de la Administraci\u00f3n Nacional de Aviaci\u00f3n Civil (ANAC). En la provincia de C\u00f3rdoba, el paro tendr\u00e1 impacto en los aeropuertos de C\u00f3rdoba Capital y R\u00edo Cuarto, donde, tal [&hellip;]<\/p>\n","protected":false},"author":1,"featured_media":19220,"comment_status":"open","ping_status":"open","sticky":false,"template":"","format":"standard","meta":{"_exactmetrics_skip_tracking":false,"_exactmetrics_sitenote_active":false,"_exactmetrics_sitenote_note":"","_exactmetrics_sitenote_category":0,"jnews-multi-image_gallery":[],"jnews_single_post":[],"jnews_primary_category":[],"jnews_social_meta":[],"jnews_review":[],"enable_review":"","type":"","name":"","summary":"","brand":"","sku":"","good":[],"bad":[],"score_override":"","override_value":"","rating":[],"price":[],"jnews_override_counter":[],"jnews_post_split":[],"footnotes":""},"categories":[18],"tags":[],"class_list":["post-6759","post","type-post","status-publish","format-standard","has-post-thumbnail","hentry","category-nacionales"],"jetpack_featured_media_url":"https:\/\/atecordoba.org\/wp-content\/uploads\/2020\/05\/logo-nuevochico-e1561581322808.png","_links":{"self":[{"href":"https:\/\/atecordoba.org\/index.php?rest_route=\/wp\/v2\/posts\/6759","targetHints":{"allow":["GET"]}}],"collection":[{"href":"https:\/\/atecordoba.org\/index.php?rest_route=\/wp\/v2\/posts"}],"about":[{"href":"https:\/\/atecordoba.org\/index.php?rest_route=\/wp\/v2\/types\/post"}],"author":[{"embeddable":true,"href":"https:\/\/atecordoba.org\/index.php?rest_route=\/wp\/v2\/users\/1"}],"replies":[{"embeddable":true,"href":"https:\/\/atecordoba.org\/index.php?rest_route=%2Fwp%2Fv2%2Fcomments&post=6759"}],"version-history":[{"count":0,"href":"https:\/\/atecordoba.org\/index.php?rest_route=\/wp\/v2\/posts\/6759\/revisions"}],"wp:featuredmedia":[{"embeddable":true,"href":"https:\/\/atecordoba.org\/index.php?rest_route=\/wp\/v2\/media\/19220"}],"wp:attachment":[{"href":"https:\/\/atecordoba.org\/index.php?rest_route=%2Fwp%2Fv2%2Fmedia&parent=6759"}],"wp:term":[{"taxonomy":"category","embeddable":true,"href":"https:\/\/atecordoba.org\/index.php?rest_route=%2Fwp%2Fv2%2Fcategories&post=6759"},{"taxonomy":"post_tag","embeddable":true,"href":"https:\/\/atecordoba.org\/index.php?rest_route=%2Fwp%2Fv2%2Ftags&post=6759"}],"curies":[{"name":"wp","href":"https:\/\/api.w.org\/{rel}","templated":true}]}}