{"id":6757,"date":"2016-04-28T18:56:38","date_gmt":"2016-04-28T21:56:38","guid":{"rendered":"http:\/\/www.atecordoba.org\/?p=6757"},"modified":"2016-04-28T18:56:38","modified_gmt":"2016-04-28T21:56:38","slug":"1o-de-mayo-unidos-contra-el-ajuste","status":"publish","type":"post","link":"https:\/\/atecordoba.org\/?p=6757","title":{"rendered":"1\u00ba de mayo: unidos contra el ajuste"},"content":{"rendered":"<p><em>El consejo Directivo Provincial de ATE C\u00f3rdoba saluda a todos los trabajadores con motivo de celebrarse el pr\u00f3ximo domingo 1\u00ba de mayo el D\u00eda del Trabajador.<\/em><\/p>\n<p><img loading=\"lazy\" decoding=\"async\" class=\"aligncenter size-full wp-image-6704\" src=\"http:\/\/www.atecordoba.org\/wp-content\/uploads\/2016\/04\/85231ae8-793c-4236-aa4a-ff99a0fd8eba-e1461096722234.jpg\" alt=\"85231ae8-793c-4236-aa4a-ff99a0fd8eba\" width=\"550\" height=\"413\" \/><\/p>\n<p>Desde ATE estamos convencidos que esta fecha, tan importante para el movimiento obrero argentino y mundial, debe servirnos para profundizar nuestras convicciones sobre la necesidad de contar cada d\u00eda con organizaciones m\u00e1s potentes, libres y democr\u00e1ticas que sirvan efectivamente como veh\u00edculo de la defensa de los derechos de los trabajadores.<\/p>\n<p>Citamos a Juan Domingo Per\u00f3n, cuando el 1\u00ba de mayo de 1949 \u2013tras aprobarse la Constituci\u00f3n Nacional que mejor expres\u00f3 el avance de la clase trabajadora- afirm\u00f3 \u201cseamos unidos, porque estando nosotros unidos, somos invencibles, que la pol\u00edtica no divida a los sindicatos ni ponga a unos contra otros porque, el inter\u00e9s de todos es la causa gremial de los trabajadores por sobre todas las cosas\u201d.<\/p>\n<p>Ese debe ser el esp\u00edritu de este 1\u00ba de mayo, en momentos que enfrentamos el ajuste de los gobiernos liberales tanto a nivel nacional, como provincial o municipal, que golpean duramente a los estatales, as\u00ed como a los trabajadores del campo privado.<\/p>\n<p>Reafirmamos en esta oportunidad que estaremos en la calle, como lo hicimos a lo largo de la larga historia de ATE, defendiendo los derechos de los estatales donde quiera que est\u00e9n, y contribuyendo a la unidad del movimiento obrero, aut\u00f3nomos de los partidos pol\u00edticos, los gobiernos y las patronales, pero nunca neutrales ante los poderes que quieran atropellar la\u00a0dignidad, los\u00a0salarios y las\u00a0condiciones de trabajo del conjunto de los trabajadores.<\/p>\n<p>&nbsp;<\/p>\n<p style=\"text-align: right;\">Mar\u00eda Liliana Salerno<\/p>\n<p style=\"text-align: right;\">Secretaria General<\/p>\n","protected":false},"excerpt":{"rendered":"<p>El consejo Directivo Provincial de ATE C\u00f3rdoba saluda a todos los trabajadores con motivo de celebrarse el pr\u00f3ximo domingo 1\u00ba de mayo el D\u00eda del Trabajador. Desde ATE estamos convencidos que esta fecha, tan importante para el movimiento obrero argentino y mundial, debe servirnos para profundizar nuestras convicciones sobre la necesidad de contar cada d\u00eda [&hellip;]<\/p>\n","protected":false},"author":1,"featured_media":19220,"comment_status":"open","ping_status":"open","sticky":false,"template":"","format":"standard","meta":{"_exactmetrics_skip_tracking":false,"_exactmetrics_sitenote_active":false,"_exactmetrics_sitenote_note":"","_exactmetrics_sitenote_category":0,"jnews-multi-image_gallery":[],"jnews_single_post":[],"jnews_primary_category":[],"jnews_social_meta":[],"jnews_review":[],"enable_review":"","type":"","name":"","summary":"","brand":"","sku":"","good":[],"bad":[],"score_override":"","override_value":"","rating":[],"price":[],"jnews_override_counter":[],"jnews_post_split":[],"footnotes":""},"categories":[53],"tags":[],"class_list":["post-6757","post","type-post","status-publish","format-standard","has-post-thumbnail","hentry","category-comunicados-de-prensa"],"jetpack_featured_media_url":"https:\/\/atecordoba.org\/wp-content\/uploads\/2020\/05\/logo-nuevochico-e1561581322808.png","_links":{"self":[{"href":"https:\/\/atecordoba.org\/index.php?rest_route=\/wp\/v2\/posts\/6757","targetHints":{"allow":["GET"]}}],"collection":[{"href":"https:\/\/atecordoba.org\/index.php?rest_route=\/wp\/v2\/posts"}],"about":[{"href":"https:\/\/atecordoba.org\/index.php?rest_route=\/wp\/v2\/types\/post"}],"author":[{"embeddable":true,"href":"https:\/\/atecordoba.org\/index.php?rest_route=\/wp\/v2\/users\/1"}],"replies":[{"embeddable":true,"href":"https:\/\/atecordoba.org\/index.php?rest_route=%2Fwp%2Fv2%2Fcomments&post=6757"}],"version-history":[{"count":0,"href":"https:\/\/atecordoba.org\/index.php?rest_route=\/wp\/v2\/posts\/6757\/revisions"}],"wp:featuredmedia":[{"embeddable":true,"href":"https:\/\/atecordoba.org\/index.php?rest_route=\/wp\/v2\/media\/19220"}],"wp:attachment":[{"href":"https:\/\/atecordoba.org\/index.php?rest_route=%2Fwp%2Fv2%2Fmedia&parent=6757"}],"wp:term":[{"taxonomy":"category","embeddable":true,"href":"https:\/\/atecordoba.org\/index.php?rest_route=%2Fwp%2Fv2%2Fcategories&post=6757"},{"taxonomy":"post_tag","embeddable":true,"href":"https:\/\/atecordoba.org\/index.php?rest_route=%2Fwp%2Fv2%2Ftags&post=6757"}],"curies":[{"name":"wp","href":"https:\/\/api.w.org\/{rel}","templated":true}]}}