{"id":6748,"date":"2016-04-28T18:32:41","date_gmt":"2016-04-28T21:32:41","guid":{"rendered":"http:\/\/www.atecordoba.org\/?p=6748"},"modified":"2016-04-28T18:32:41","modified_gmt":"2016-04-28T21:32:41","slug":"paro-provincial-trabajadores-de-la-salud-reclamaron-aumento-salarial-en-el-polo-sanitario","status":"publish","type":"post","link":"https:\/\/atecordoba.org\/?p=6748","title":{"rendered":"Paro provincial: trabajadores de la salud reclamaron aumento salarial en el Polo Sanitario"},"content":{"rendered":"<p><em>Trabajadores de todos los hospitales de la capital expresaron el reclamo por apertura de paritarias, durante la medida de fuerza convocada por ATE. \u201cSeguiremos en la calle si no nos escuchan\u201d. Se realiz\u00f3 un locro en homenaje anticipado al 1\u00ba de mayo, D\u00eda del Trabajador.<\/em><\/p>\n<p><img loading=\"lazy\" decoding=\"async\" class=\"aligncenter size-full wp-image-6749\" src=\"http:\/\/www.atecordoba.org\/wp-content\/uploads\/2016\/04\/DSC_0445-e1461877847937.jpg\" alt=\"DSC_0445\" width=\"550\" height=\"309\" \/><\/p>\n<p>Con abandono de tareas a las 9 de la ma\u00f1ana, compa\u00f1eros de los hospitales Neonatal, Tr\u00e1nsito C\u00e1ceres de Allende, C\u00f3rdoba, Misericordia, De Ni\u00f1os, San Roque, Florencio D\u00edaz y la Maternidad Provincial comenzaron a concentrarse en el Polo Sanitario, donde se realiz\u00f3 un corte de calle.<\/p>\n<p>Los trabajadores desplegaron las banderas y al ritmo de los bombos y redoblantes los representantes de los distintos nosocomios expresaron en reclamo generalizado por un aumento salarial, exigiendo en ese sentido la convocatoria al di\u00e1logo del gobierno provincial.<\/p>\n<p><img loading=\"lazy\" decoding=\"async\" class=\"aligncenter size-full wp-image-6750\" src=\"http:\/\/www.atecordoba.org\/wp-content\/uploads\/2016\/04\/DSC_0455-e1461877884955.jpg\" alt=\"DSC_0455\" width=\"550\" height=\"309\" \/><\/p>\n<p>\u201cEstamos reclamando un 45% de aumento que compense la inflaci\u00f3n que estamos sufriendo, los tarifazos y el aumento en el transporte p\u00fablico. Ac\u00e1 en la provincia lo que hubo hasta el momento fue un acuerdo pol\u00edtico con una sola organizaci\u00f3n que nos otorg\u00f3 un miserable 25%, una recomposici\u00f3n que no alcanza para nada. Queremos una mesa de di\u00e1logo pluralista con todas las organizaciones que est\u00e9n representadas en funci\u00f3n de los afiliados que tiene cada una. Debe ser una representaci\u00f3n plural porque as\u00ed est\u00e1n organizados los trabajadores en el sector salud\u201d, explic\u00f3 el secretario Adjunto de ATE C\u00f3rdoba, Luis Barcena.<\/p>\n<p><img loading=\"lazy\" decoding=\"async\" class=\"aligncenter size-full wp-image-6751\" src=\"http:\/\/www.atecordoba.org\/wp-content\/uploads\/2016\/04\/8df49bc0-bbc2-4b41-8482-e863ccb54108-e1461877993204.jpg\" alt=\"8df49bc0-bbc2-4b41-8482-e863ccb54108\" width=\"550\" height=\"309\" \/><\/p>\n<p>Y agreg\u00f3: \u201csi no nos convocan seguiremos en la calle. Est\u00e1 claro que las asambleas tienen paralizada la atenci\u00f3n en los hospitales, y as\u00ed van a seguir\u201d.<\/p>\n<p>Finalizado el acto, los compa\u00f1eros compartieron un locro realizado por los mismos trabajadores de salud, que desde primeras horas pusieron manos a la obra para tener todo preparado para cuando finalizase el acto.<\/p>\n<p><img loading=\"lazy\" decoding=\"async\" class=\"aligncenter size-full wp-image-6752\" src=\"http:\/\/www.atecordoba.org\/wp-content\/uploads\/2016\/04\/357d2047-9410-4896-9db0-0109e94caf03-e1461878167982.jpg\" alt=\"357d2047-9410-4896-9db0-0109e94caf03\" width=\"550\" height=\"413\" \/><\/p>\n<p>De esta forma, ATE homenaje\u00f3 el pr\u00f3ximo 1\u00ba de Mayo, D\u00eda de los Trabajadores, con una jornada de lucha, expresando la convicci\u00f3n de enfrentar el ajuste que los gobiernos de los distintos niveles del Estado, nacional, provincial y municipales, est\u00e1n aplicando sobre las espaldas de los trabajadores. Asimismo, se hizo especial referencia al D\u00eda Mundial de la Salud e Higiene en el Trabajo, que se celebra hoy.<\/p>\n<p><img loading=\"lazy\" decoding=\"async\" class=\"aligncenter size-full wp-image-6753\" src=\"http:\/\/www.atecordoba.org\/wp-content\/uploads\/2016\/04\/f089f928-1d54-4766-aa02-254f2cd71747-e1461878400454.jpg\" alt=\"f089f928-1d54-4766-aa02-254f2cd71747\" width=\"550\" height=\"309\" \/><\/p>\n<p>Al finalizar la protesta se convoc\u00f3 a todos los compa\u00f1eros a participar ma\u00f1ana en un acto de solidaridad con los trabajadores del hospital Misericordia que instalaron una carpa frente al centro de salud, y est\u00e1n siendo hostigados por las Direcci\u00f3n que llen\u00f3 de polic\u00edas el lugar para intimidar a los compa\u00f1eros.<\/p>\n<p>&nbsp;<\/p>\n<p><img loading=\"lazy\" decoding=\"async\" class=\"aligncenter size-full wp-image-6755\" src=\"http:\/\/www.atecordoba.org\/wp-content\/uploads\/2016\/04\/0af05c9d-62f0-40bb-afc3-1ee236fb812a-e1461878641511.jpg\" alt=\"0af05c9d-62f0-40bb-afc3-1ee236fb812a\" width=\"309\" height=\"550\" \/><\/p>\n<p><img loading=\"lazy\" decoding=\"async\" class=\"aligncenter size-full wp-image-6754\" src=\"http:\/\/www.atecordoba.org\/wp-content\/uploads\/2016\/04\/a988a975-1414-4c73-afd0-ce4f0e41ff93-e1461878600430.jpg\" alt=\"a988a975-1414-4c73-afd0-ce4f0e41ff93\" width=\"550\" height=\"309\" \/><\/p>\n<p>&nbsp;<\/p>\n","protected":false},"excerpt":{"rendered":"<p>Trabajadores de todos los hospitales de la capital expresaron el reclamo por apertura de paritarias, durante la medida de fuerza convocada por ATE. \u201cSeguiremos en la calle si no nos escuchan\u201d. Se realiz\u00f3 un locro en homenaje anticipado al 1\u00ba de mayo, D\u00eda del Trabajador. Con abandono de tareas a las 9 de la ma\u00f1ana, [&hellip;]<\/p>\n","protected":false},"author":1,"featured_media":19220,"comment_status":"open","ping_status":"open","sticky":false,"template":"","format":"standard","meta":{"_exactmetrics_skip_tracking":false,"_exactmetrics_sitenote_active":false,"_exactmetrics_sitenote_note":"","_exactmetrics_sitenote_category":0,"jnews-multi-image_gallery":[],"jnews_single_post":[],"jnews_primary_category":[],"jnews_social_meta":[],"jnews_review":[],"enable_review":"","type":"","name":"","summary":"","brand":"","sku":"","good":[],"bad":[],"score_override":"","override_value":"","rating":[],"price":[],"jnews_override_counter":[],"jnews_post_split":[],"footnotes":""},"categories":[7,8],"tags":[],"class_list":["post-6748","post","type-post","status-publish","format-standard","has-post-thumbnail","hentry","category-hospitales","category-provinciales"],"jetpack_featured_media_url":"https:\/\/atecordoba.org\/wp-content\/uploads\/2020\/05\/logo-nuevochico-e1561581322808.png","_links":{"self":[{"href":"https:\/\/atecordoba.org\/index.php?rest_route=\/wp\/v2\/posts\/6748","targetHints":{"allow":["GET"]}}],"collection":[{"href":"https:\/\/atecordoba.org\/index.php?rest_route=\/wp\/v2\/posts"}],"about":[{"href":"https:\/\/atecordoba.org\/index.php?rest_route=\/wp\/v2\/types\/post"}],"author":[{"embeddable":true,"href":"https:\/\/atecordoba.org\/index.php?rest_route=\/wp\/v2\/users\/1"}],"replies":[{"embeddable":true,"href":"https:\/\/atecordoba.org\/index.php?rest_route=%2Fwp%2Fv2%2Fcomments&post=6748"}],"version-history":[{"count":0,"href":"https:\/\/atecordoba.org\/index.php?rest_route=\/wp\/v2\/posts\/6748\/revisions"}],"wp:featuredmedia":[{"embeddable":true,"href":"https:\/\/atecordoba.org\/index.php?rest_route=\/wp\/v2\/media\/19220"}],"wp:attachment":[{"href":"https:\/\/atecordoba.org\/index.php?rest_route=%2Fwp%2Fv2%2Fmedia&parent=6748"}],"wp:term":[{"taxonomy":"category","embeddable":true,"href":"https:\/\/atecordoba.org\/index.php?rest_route=%2Fwp%2Fv2%2Fcategories&post=6748"},{"taxonomy":"post_tag","embeddable":true,"href":"https:\/\/atecordoba.org\/index.php?rest_route=%2Fwp%2Fv2%2Ftags&post=6748"}],"curies":[{"name":"wp","href":"https:\/\/api.w.org\/{rel}","templated":true}]}}