{"id":6746,"date":"2016-04-28T16:27:31","date_gmt":"2016-04-28T19:27:31","guid":{"rendered":"http:\/\/www.atecordoba.org\/?p=6746"},"modified":"2016-04-28T16:27:31","modified_gmt":"2016-04-28T19:27:31","slug":"asambleas-en-los-hospitales-ratificaron-el-paro-provincial","status":"publish","type":"post","link":"https:\/\/atecordoba.org\/?p=6746","title":{"rendered":"Asambleas en los hospitales ratificaron el paro provincial"},"content":{"rendered":"<p><em>Las protestas se replicaron mi\u00e9rcoles y jueves\u00a0en los hospitales C\u00f3rdoba, Misericordia y Tr\u00e1nsito C\u00e1ceres de Allende.<\/em><\/p>\n<p><img loading=\"lazy\" decoding=\"async\" class=\"aligncenter size-full wp-image-6734\" src=\"http:\/\/www.atecordoba.org\/wp-content\/uploads\/2016\/04\/cordoba-3-e1461792384172.png\" alt=\"cordoba 3\" width=\"550\" height=\"276\" \/><\/p>\n<p>El mi\u00e9rcoles los trabajadores del C\u00f3rdoba realizaron una protesta frente al centro de salud, con la participaci\u00f3n de enfermeros, administrativos, m\u00e9dicos y personal en general.<\/p>\n<p>En tanto el Transito C\u00e1ceres de Allende realiz\u00f3 una protesta con carteles ante la presencia, en horas de la ma\u00f1ana, del ministro de Salud Francisco Fortuna que se encontraba en el lugar participando del acto de asunci\u00f3n del nuevo director del Hospital.<\/p>\n<p><img loading=\"lazy\" decoding=\"async\" class=\"aligncenter size-full wp-image-6735\" src=\"http:\/\/www.atecordoba.org\/wp-content\/uploads\/2016\/04\/cordoba-2-e1461792435227.jpg\" alt=\"cordoba 2\" width=\"550\" height=\"412\" \/><\/p>\n<p>Por su parte, los compa\u00f1eros del Misericordia llevaron a cabo una asamblea con la participaci\u00f3n de numerosos trabajadores que ratificaron su participaci\u00f3n en el paro de ATE y confirmaron que se movilizar\u00e1n al Polo Sanitario.<\/p>\n<p>Adem\u00e1s, los compa\u00f1eros instalaron en el ingreso del centro de salud una carpa a los efectos de evidenciar la protesta permanente que desarrollan. Un funcionario del Ministerio de Salud, V\u00edctor Juri, se present\u00f3 en el lugar con un abogado y polic\u00edas, en actitud intimidatoria, reclamando que se levante la carpa, que ya estaba previsto mantener hasta las 18 horas.<\/p>\n<p><img loading=\"lazy\" decoding=\"async\" class=\"aligncenter size-full wp-image-6736\" src=\"http:\/\/www.atecordoba.org\/wp-content\/uploads\/2016\/04\/misericordia-carpa-e1461792463632.jpg\" alt=\"misericordia carpa\" width=\"550\" height=\"309\" \/><\/p>\n<p>Ayer\u00a0los compa\u00f1eros reabrieron la carpa. La direcci\u00f3n envi\u00f3 polic\u00edas para repetir la intimidaci\u00f3n, no obstante lo cual la protesta se mantuvo hasta el horario programado. Para ma\u00f1ana viernes los compa\u00f1eros tienen programado instalar la carpa nuevamente.<\/p>\n","protected":false},"excerpt":{"rendered":"<p>Las protestas se replicaron mi\u00e9rcoles y jueves\u00a0en los hospitales C\u00f3rdoba, Misericordia y Tr\u00e1nsito C\u00e1ceres de Allende. El mi\u00e9rcoles los trabajadores del C\u00f3rdoba realizaron una protesta frente al centro de salud, con la participaci\u00f3n de enfermeros, administrativos, m\u00e9dicos y personal en general. En tanto el Transito C\u00e1ceres de Allende realiz\u00f3 una protesta con carteles ante la [&hellip;]<\/p>\n","protected":false},"author":1,"featured_media":19220,"comment_status":"open","ping_status":"open","sticky":false,"template":"","format":"standard","meta":{"_exactmetrics_skip_tracking":false,"_exactmetrics_sitenote_active":false,"_exactmetrics_sitenote_note":"","_exactmetrics_sitenote_category":0,"jnews-multi-image_gallery":[],"jnews_single_post":[],"jnews_primary_category":[],"jnews_social_meta":[],"jnews_review":[],"enable_review":"","type":"","name":"","summary":"","brand":"","sku":"","good":[],"bad":[],"score_override":"","override_value":"","rating":[],"price":[],"jnews_override_counter":[],"jnews_post_split":[],"footnotes":""},"categories":[7,8],"tags":[],"class_list":["post-6746","post","type-post","status-publish","format-standard","has-post-thumbnail","hentry","category-hospitales","category-provinciales"],"jetpack_featured_media_url":"https:\/\/atecordoba.org\/wp-content\/uploads\/2020\/05\/logo-nuevochico-e1561581322808.png","_links":{"self":[{"href":"https:\/\/atecordoba.org\/index.php?rest_route=\/wp\/v2\/posts\/6746","targetHints":{"allow":["GET"]}}],"collection":[{"href":"https:\/\/atecordoba.org\/index.php?rest_route=\/wp\/v2\/posts"}],"about":[{"href":"https:\/\/atecordoba.org\/index.php?rest_route=\/wp\/v2\/types\/post"}],"author":[{"embeddable":true,"href":"https:\/\/atecordoba.org\/index.php?rest_route=\/wp\/v2\/users\/1"}],"replies":[{"embeddable":true,"href":"https:\/\/atecordoba.org\/index.php?rest_route=%2Fwp%2Fv2%2Fcomments&post=6746"}],"version-history":[{"count":0,"href":"https:\/\/atecordoba.org\/index.php?rest_route=\/wp\/v2\/posts\/6746\/revisions"}],"wp:featuredmedia":[{"embeddable":true,"href":"https:\/\/atecordoba.org\/index.php?rest_route=\/wp\/v2\/media\/19220"}],"wp:attachment":[{"href":"https:\/\/atecordoba.org\/index.php?rest_route=%2Fwp%2Fv2%2Fmedia&parent=6746"}],"wp:term":[{"taxonomy":"category","embeddable":true,"href":"https:\/\/atecordoba.org\/index.php?rest_route=%2Fwp%2Fv2%2Fcategories&post=6746"},{"taxonomy":"post_tag","embeddable":true,"href":"https:\/\/atecordoba.org\/index.php?rest_route=%2Fwp%2Fv2%2Ftags&post=6746"}],"curies":[{"name":"wp","href":"https:\/\/api.w.org\/{rel}","templated":true}]}}