{"id":6740,"date":"2016-04-28T16:11:41","date_gmt":"2016-04-28T19:11:41","guid":{"rendered":"http:\/\/www.atecordoba.org\/?p=6740"},"modified":"2016-04-28T16:11:41","modified_gmt":"2016-04-28T19:11:41","slug":"nueva-eleccion-de-delegados-en-la-unc","status":"publish","type":"post","link":"https:\/\/atecordoba.org\/?p=6740","title":{"rendered":"Nueva elecci\u00f3n de delegados en la UNC"},"content":{"rendered":"<p><em>Los trabajadores no docentes de la Secretaria de Planificaci\u00f3n, organismo dependiente del rectorado de la UNC, realizaron hoy la elecci\u00f3n de dos delegados de ATE.<\/em><\/p>\n<p><img loading=\"lazy\" decoding=\"async\" class=\"aligncenter size-full wp-image-6741\" src=\"http:\/\/www.atecordoba.org\/wp-content\/uploads\/2016\/04\/delegados-unc_secretaria-de-planificaci\u00f3n-e1461870488299.jpg\" alt=\"delegados unc_secretaria de planificaci\u00f3n\" width=\"550\" height=\"310\" \/><\/p>\n<p>En la oportunidad resultaron electos los compa\u00f1eros Marcelo Ludue\u00f1a y Alejandro Farioli, que tendr\u00e1n mandato por los pr\u00f3ximos dos a\u00f1os. Los trabajadores participaron masivamente de la elecci\u00f3n, ratificando el crecimiento de la representaci\u00f3n de ATE en el sector no docente de la Universidad Nacional de C\u00f3rdoba.<\/p>\n<p>\u201cNuestra prioridad, en l\u00ednea con el mandato y la confianza que nos dan los compa\u00f1eros, es garantizar la estabilidad laboral de los trabajadores precarizados que hay en la Secretaria. Adem\u00e1s, est\u00e1 las pelea por los salarios que ATE viene dando y la concreci\u00f3n de la carrera administrativa, un derecho postergado desde hace mucho tiempo y que los compa\u00f1eros vienen reclamando\u201d, explico Marcelo Ludue\u00f1a.<\/p>\n<p>Actualmente, alrededor del 10% de los compa\u00f1eros tienen contratos precarios.<\/p>\n<p>Con esta elecci\u00f3n se ampl\u00eda el cuerpo de delegados de ATE en la UNC.<\/p>\n","protected":false},"excerpt":{"rendered":"<p>Los trabajadores no docentes de la Secretaria de Planificaci\u00f3n, organismo dependiente del rectorado de la UNC, realizaron hoy la elecci\u00f3n de dos delegados de ATE. En la oportunidad resultaron electos los compa\u00f1eros Marcelo Ludue\u00f1a y Alejandro Farioli, que tendr\u00e1n mandato por los pr\u00f3ximos dos a\u00f1os. Los trabajadores participaron masivamente de la elecci\u00f3n, ratificando el crecimiento [&hellip;]<\/p>\n","protected":false},"author":1,"featured_media":19220,"comment_status":"open","ping_status":"open","sticky":false,"template":"","format":"standard","meta":{"_exactmetrics_skip_tracking":false,"_exactmetrics_sitenote_active":false,"_exactmetrics_sitenote_note":"","_exactmetrics_sitenote_category":0,"jnews-multi-image_gallery":[],"jnews_single_post":[],"jnews_primary_category":[],"jnews_social_meta":[],"jnews_review":[],"enable_review":"","type":"","name":"","summary":"","brand":"","sku":"","good":[],"bad":[],"score_override":"","override_value":"","rating":[],"price":[],"jnews_override_counter":[],"jnews_post_split":[],"footnotes":""},"categories":[18,89],"tags":[],"class_list":["post-6740","post","type-post","status-publish","format-standard","has-post-thumbnail","hentry","category-nacionales","category-unc"],"jetpack_featured_media_url":"https:\/\/atecordoba.org\/wp-content\/uploads\/2020\/05\/logo-nuevochico-e1561581322808.png","_links":{"self":[{"href":"https:\/\/atecordoba.org\/index.php?rest_route=\/wp\/v2\/posts\/6740","targetHints":{"allow":["GET"]}}],"collection":[{"href":"https:\/\/atecordoba.org\/index.php?rest_route=\/wp\/v2\/posts"}],"about":[{"href":"https:\/\/atecordoba.org\/index.php?rest_route=\/wp\/v2\/types\/post"}],"author":[{"embeddable":true,"href":"https:\/\/atecordoba.org\/index.php?rest_route=\/wp\/v2\/users\/1"}],"replies":[{"embeddable":true,"href":"https:\/\/atecordoba.org\/index.php?rest_route=%2Fwp%2Fv2%2Fcomments&post=6740"}],"version-history":[{"count":0,"href":"https:\/\/atecordoba.org\/index.php?rest_route=\/wp\/v2\/posts\/6740\/revisions"}],"wp:featuredmedia":[{"embeddable":true,"href":"https:\/\/atecordoba.org\/index.php?rest_route=\/wp\/v2\/media\/19220"}],"wp:attachment":[{"href":"https:\/\/atecordoba.org\/index.php?rest_route=%2Fwp%2Fv2%2Fmedia&parent=6740"}],"wp:term":[{"taxonomy":"category","embeddable":true,"href":"https:\/\/atecordoba.org\/index.php?rest_route=%2Fwp%2Fv2%2Fcategories&post=6740"},{"taxonomy":"post_tag","embeddable":true,"href":"https:\/\/atecordoba.org\/index.php?rest_route=%2Fwp%2Fv2%2Ftags&post=6740"}],"curies":[{"name":"wp","href":"https:\/\/api.w.org\/{rel}","templated":true}]}}