{"id":6728,"date":"2016-04-27T18:32:17","date_gmt":"2016-04-27T21:32:17","guid":{"rendered":"http:\/\/www.atecordoba.org\/?p=6728"},"modified":"2016-04-27T18:32:17","modified_gmt":"2016-04-27T21:32:17","slug":"marcha-de-las-antorchas-como-preludio-del-paro-provincial","status":"publish","type":"post","link":"https:\/\/atecordoba.org\/?p=6728","title":{"rendered":"Marcha de las antorchas como anticipo del paro provincial"},"content":{"rendered":"<p><em>En el marco de las actividades de protesta que los trabajadores de la salud vienen realizando esta semana, confluyendo ma\u00f1ana en un paro provincial dispuesto por ATE, hoy a las 20 los compa\u00f1eros del Hospital neonatal realizar\u00e1n una marcha de las antorchas.<\/em><\/p>\n<figure id=\"attachment_6737\" aria-describedby=\"caption-attachment-6737\" style=\"width: 550px\" class=\"wp-caption aligncenter\"><img loading=\"lazy\" decoding=\"async\" class=\"wp-image-6737 size-full\" src=\"http:\/\/www.atecordoba.org\/wp-content\/uploads\/2016\/04\/antorchas-2-e1461792569229.png\" alt=\"antorchas 2\" width=\"550\" height=\"347\" \/><figcaption id=\"caption-attachment-6737\" class=\"wp-caption-text\">(archivo)<\/figcaption><\/figure>\n<p>&nbsp;<\/p>\n<p>Esta \u2018marcha de las antorchas\u2019 es otra de las movilizaciones y actos de protesta que los trabajadores del Neonatal vienen realizando en reclamo de aumento salarial, en sinton\u00eda con las acciones que llevan a cabo trabajadores de diversos nosocomios provinciales.<\/p>\n<p>Los compa\u00f1eros se concentrar\u00e1n en el ingreso del Hospital a las 20 horas, en avenida Carde\u00f1osa al 2900, y se movilizar\u00e1n hasta la rotonda del Hiperlibertad.<\/p>\n<figure id=\"attachment_6731\" aria-describedby=\"caption-attachment-6731\" style=\"width: 550px\" class=\"wp-caption aligncenter\"><img loading=\"lazy\" decoding=\"async\" class=\"wp-image-6731 size-full\" src=\"http:\/\/www.atecordoba.org\/wp-content\/uploads\/2016\/04\/neonatal-e1461792225284.png\" alt=\"neonatal\" width=\"550\" height=\"316\" \/><figcaption id=\"caption-attachment-6731\" class=\"wp-caption-text\">Asamblea, hospital Neonatal<\/figcaption><\/figure>\n<p>Se trata de una nueva protesta que incrementa las acciones realizada por ATE para preparar el paro provincial que se llevar\u00e1 a cabo ma\u00f1ana, con abandono de tareas a las 9 horas y concentraci\u00f3n a las 10 en el Polo Sanitario. All\u00ed se concretar\u00e1 un acto y una olla popular con locro, para explicitar los problemas que tienen las familias de los trabajadores para llegar a fin de mes.<\/p>\n<p>&nbsp;<\/p>\n<p>\u201cEn el Neonatal, como en los otros hospitales, los trabajadores vamos a seguir reclamando un aumento salarial que le d\u00e9 dignidad a nuestras familias. El 25% que otorg\u00f3 el gobierno en el acuerdo con el SEP es muy insuficiente, lo mismo que esas sumas en negro que el Ministerio de Salud acord\u00f3 con M\u00e9dicos Unidos. Ac\u00e1 la mayor\u00eda de los profesionales rechazan esas sumas. Hoy vamos a marchar con las antorchas para que el gobierno sepa que no aflojamos ni nos dividimos por m\u00e1s que quieran que nos peleemos entre nosotros\u201d, explic\u00f3 Diego Chavez, delegado de ATE del Neonatal.<\/p>\n<p><img loading=\"lazy\" decoding=\"async\" class=\"aligncenter size-full wp-image-6732\" src=\"http:\/\/www.atecordoba.org\/wp-content\/uploads\/2016\/04\/bandera-neonatal-e1461792263332.jpg\" alt=\"bandera neonatal\" width=\"412\" height=\"550\" \/><\/p>\n<p>ATE viene planteando la apertura de paritarias a los efectos de discutir con el gobierno una verdadera recomposici\u00f3n salarial, superando la pauta salarial a la baja que acord\u00f3 con otras organizaciones. Adem\u00e1s, ATE reclama el pase a planta permanente de los contratados, as\u00ed como el nombramiento de personal y los insumos necesarios para garantizar el funcionamiento de los servicios de salud, hoy en estado de colapso.<\/p>\n<p>&nbsp;<\/p>\n","protected":false},"excerpt":{"rendered":"<p>En el marco de las actividades de protesta que los trabajadores de la salud vienen realizando esta semana, confluyendo ma\u00f1ana en un paro provincial dispuesto por ATE, hoy a las 20 los compa\u00f1eros del Hospital neonatal realizar\u00e1n una marcha de las antorchas. &nbsp; Esta \u2018marcha de las antorchas\u2019 es otra de las movilizaciones y actos [&hellip;]<\/p>\n","protected":false},"author":1,"featured_media":19220,"comment_status":"open","ping_status":"open","sticky":false,"template":"","format":"standard","meta":{"_exactmetrics_skip_tracking":false,"_exactmetrics_sitenote_active":false,"_exactmetrics_sitenote_note":"","_exactmetrics_sitenote_category":0,"jnews-multi-image_gallery":[],"jnews_single_post":[],"jnews_primary_category":[],"jnews_social_meta":[],"jnews_review":[],"enable_review":"","type":"","name":"","summary":"","brand":"","sku":"","good":[],"bad":[],"score_override":"","override_value":"","rating":[],"price":[],"jnews_override_counter":[],"jnews_post_split":[],"footnotes":""},"categories":[7,8],"tags":[],"class_list":["post-6728","post","type-post","status-publish","format-standard","has-post-thumbnail","hentry","category-hospitales","category-provinciales"],"jetpack_featured_media_url":"https:\/\/atecordoba.org\/wp-content\/uploads\/2020\/05\/logo-nuevochico-e1561581322808.png","_links":{"self":[{"href":"https:\/\/atecordoba.org\/index.php?rest_route=\/wp\/v2\/posts\/6728","targetHints":{"allow":["GET"]}}],"collection":[{"href":"https:\/\/atecordoba.org\/index.php?rest_route=\/wp\/v2\/posts"}],"about":[{"href":"https:\/\/atecordoba.org\/index.php?rest_route=\/wp\/v2\/types\/post"}],"author":[{"embeddable":true,"href":"https:\/\/atecordoba.org\/index.php?rest_route=\/wp\/v2\/users\/1"}],"replies":[{"embeddable":true,"href":"https:\/\/atecordoba.org\/index.php?rest_route=%2Fwp%2Fv2%2Fcomments&post=6728"}],"version-history":[{"count":0,"href":"https:\/\/atecordoba.org\/index.php?rest_route=\/wp\/v2\/posts\/6728\/revisions"}],"wp:featuredmedia":[{"embeddable":true,"href":"https:\/\/atecordoba.org\/index.php?rest_route=\/wp\/v2\/media\/19220"}],"wp:attachment":[{"href":"https:\/\/atecordoba.org\/index.php?rest_route=%2Fwp%2Fv2%2Fmedia&parent=6728"}],"wp:term":[{"taxonomy":"category","embeddable":true,"href":"https:\/\/atecordoba.org\/index.php?rest_route=%2Fwp%2Fv2%2Fcategories&post=6728"},{"taxonomy":"post_tag","embeddable":true,"href":"https:\/\/atecordoba.org\/index.php?rest_route=%2Fwp%2Fv2%2Ftags&post=6728"}],"curies":[{"name":"wp","href":"https:\/\/api.w.org\/{rel}","templated":true}]}}