{"id":6724,"date":"2016-04-25T19:22:10","date_gmt":"2016-04-25T22:22:10","guid":{"rendered":"http:\/\/www.atecordoba.org\/?p=6724"},"modified":"2016-04-25T19:22:10","modified_gmt":"2016-04-25T22:22:10","slug":"agricultura-familiar-96-horas-de-paro-y-acampe-en-capital-federal","status":"publish","type":"post","link":"https:\/\/atecordoba.org\/?p=6724","title":{"rendered":"Agricultura Familiar: 96 horas de paro y acampe en capital federal"},"content":{"rendered":"<p><em>Los trabajadores de la Secretaria de Agricultura Familiar (SAF) realizar\u00e1n a partir de ma\u00f1ana un paro de 96 horas en reclamo de la reincorporaci\u00f3n de los despedidos. En C\u00f3rdoba 20 trabajadores fueron cesanteados y alcanzan 240 en todo el pa\u00eds.<\/em><\/p>\n<p><img loading=\"lazy\" decoding=\"async\" class=\"aligncenter size-full wp-image-6725\" src=\"http:\/\/www.atecordoba.org\/wp-content\/uploads\/2016\/04\/DSC_0361-e1461622898742.jpg\" alt=\"DSC_0361\" width=\"550\" height=\"309\" \/><\/p>\n<p>ATE resolvi\u00f3 llevar a cabo una nueva medida de fuerza, ahora por 96 horas, en reclamo de que el gobierno de Macri reincorpore a los 240 trabajadores despedidos, de los cuales 20 dependen de la delegaci\u00f3n C\u00f3rdoba del organismo.<\/p>\n<p>Los trabajadores vienen desarrollando un plan de lucha desde febrero pasado, cuando comenzaron a ejecutarse las primeras cesant\u00edas, apoyadas en una situaci\u00f3n de precarizaci\u00f3n generalizada que dej\u00f3 latente el gobierno anterior. El plan de lucha incluye reclamos por la apertura de paritaris y el pase a planta de los precarizados, para lo cual es indispensable la apertura de una mesa de negociaci\u00f3n que hasta el momento el gobierno se niega a realizar.<\/p>\n<p>Desde C\u00f3rdoba, un grupo de compa\u00f1eros se movilizar\u00e1 a Capital Federal para participar del acampe que se realizar\u00e1 frente al organismo.<\/p>\n","protected":false},"excerpt":{"rendered":"<p>Los trabajadores de la Secretaria de Agricultura Familiar (SAF) realizar\u00e1n a partir de ma\u00f1ana un paro de 96 horas en reclamo de la reincorporaci\u00f3n de los despedidos. En C\u00f3rdoba 20 trabajadores fueron cesanteados y alcanzan 240 en todo el pa\u00eds. ATE resolvi\u00f3 llevar a cabo una nueva medida de fuerza, ahora por 96 horas, en [&hellip;]<\/p>\n","protected":false},"author":1,"featured_media":19220,"comment_status":"open","ping_status":"open","sticky":false,"template":"","format":"standard","meta":{"_exactmetrics_skip_tracking":false,"_exactmetrics_sitenote_active":false,"_exactmetrics_sitenote_note":"","_exactmetrics_sitenote_category":0,"jnews-multi-image_gallery":[],"jnews_single_post":[],"jnews_primary_category":[],"jnews_social_meta":[],"jnews_review":[],"enable_review":"","type":"","name":"","summary":"","brand":"","sku":"","good":[],"bad":[],"score_override":"","override_value":"","rating":[],"price":[],"jnews_override_counter":[],"jnews_post_split":[],"footnotes":""},"categories":[16],"tags":[],"class_list":["post-6724","post","type-post","status-publish","format-standard","has-post-thumbnail","hentry","category-saf"],"jetpack_featured_media_url":"https:\/\/atecordoba.org\/wp-content\/uploads\/2020\/05\/logo-nuevochico-e1561581322808.png","_links":{"self":[{"href":"https:\/\/atecordoba.org\/index.php?rest_route=\/wp\/v2\/posts\/6724","targetHints":{"allow":["GET"]}}],"collection":[{"href":"https:\/\/atecordoba.org\/index.php?rest_route=\/wp\/v2\/posts"}],"about":[{"href":"https:\/\/atecordoba.org\/index.php?rest_route=\/wp\/v2\/types\/post"}],"author":[{"embeddable":true,"href":"https:\/\/atecordoba.org\/index.php?rest_route=\/wp\/v2\/users\/1"}],"replies":[{"embeddable":true,"href":"https:\/\/atecordoba.org\/index.php?rest_route=%2Fwp%2Fv2%2Fcomments&post=6724"}],"version-history":[{"count":0,"href":"https:\/\/atecordoba.org\/index.php?rest_route=\/wp\/v2\/posts\/6724\/revisions"}],"wp:featuredmedia":[{"embeddable":true,"href":"https:\/\/atecordoba.org\/index.php?rest_route=\/wp\/v2\/media\/19220"}],"wp:attachment":[{"href":"https:\/\/atecordoba.org\/index.php?rest_route=%2Fwp%2Fv2%2Fmedia&parent=6724"}],"wp:term":[{"taxonomy":"category","embeddable":true,"href":"https:\/\/atecordoba.org\/index.php?rest_route=%2Fwp%2Fv2%2Fcategories&post=6724"},{"taxonomy":"post_tag","embeddable":true,"href":"https:\/\/atecordoba.org\/index.php?rest_route=%2Fwp%2Fv2%2Ftags&post=6724"}],"curies":[{"name":"wp","href":"https:\/\/api.w.org\/{rel}","templated":true}]}}