{"id":6711,"date":"2016-04-21T17:37:33","date_gmt":"2016-04-21T20:37:33","guid":{"rendered":"http:\/\/www.atecordoba.org\/?p=6711"},"modified":"2016-04-21T17:37:33","modified_gmt":"2016-04-21T20:37:33","slug":"ate-convoca-a-un-paro-provincial-el-28-abril","status":"publish","type":"post","link":"https:\/\/atecordoba.org\/?p=6711","title":{"rendered":"ATE convoca a un paro provincial el 28 abril"},"content":{"rendered":"<p><em>En reuni\u00f3n extraordinaria de Comisi\u00f3n Directiva, con la participaci\u00f3n de las seccionales del interior provincial, el Consejo Directivo de ATE C\u00f3rdoba resolvi\u00f3 convocar a un Paro Provincial de trabajadores p\u00fablicos de 24 horas para el pr\u00f3ximo jueves 28 de abril.<\/em><\/p>\n<p><img loading=\"lazy\" decoding=\"async\" class=\"aligncenter size-full wp-image-6715\" src=\"http:\/\/www.atecordoba.org\/wp-content\/uploads\/2016\/04\/foto-comunicado-e1461271392354.jpg\" alt=\"foto comunicado\" width=\"550\" height=\"309\" \/><\/p>\n<p>&nbsp;<\/p>\n<p>La medida de fuerza se llevar\u00e1 a cabo, a partir de las 0 horas, con abandono del lugar de trabajo a las 9 horas, para concentrar a las 10 horas en el Polo Sanitario.<\/p>\n<p>El paro provincial se realizar\u00e1 en el marco del plan de lucha que ATE viene desarrollando desde mediados de febrero, en reclamo de un aumento salarial que compense la escalada inflacionaria, y ante el rechazo de los trabajadores a la pauta salarial otorgada unilateralmente por el gobierno provincial.<\/p>\n<p>En la oportunidad ATE realizar\u00e1 una olla popular para conmemorar anticipadamente el D\u00eda del Trabajador, como as\u00ed tambi\u00e9n el D\u00eda Mundial de la Seguridad y la Salud en el Trabajo que se celebra el mismo 28 de abril.<\/p>\n<p>Todas organizaciones sindicales est\u00e1n invitadas a participar en la jornada de protesta junto a las organizaciones de jubilados, en reclamo del 82% m\u00f3vil y la derogaci\u00f3n reforma previsional de Schiaretti, ley provincial 10.033.<\/p>\n<p><strong>Marcha de las antorchas<\/strong><\/p>\n<p>El Consejo Directivo Provincial aprovecha la ocasi\u00f3n para expresar su adhesi\u00f3n a la Marcha de las Antorchas que realizar\u00e1n los trabajadores del Hospital Neonatal el mi\u00e9rcoles 27 de abril, a las 20 horas. Los trabajadores se concentrar\u00e1n en el ingreso del centro de salud.<\/p>\n<p style=\"text-align: right;\">Mar\u00eda Liliana Salerno<\/p>\n<p style=\"text-align: right;\">Secretaria General<\/p>\n<p>&nbsp;<\/p>\n","protected":false},"excerpt":{"rendered":"<p>En reuni\u00f3n extraordinaria de Comisi\u00f3n Directiva, con la participaci\u00f3n de las seccionales del interior provincial, el Consejo Directivo de ATE C\u00f3rdoba resolvi\u00f3 convocar a un Paro Provincial de trabajadores p\u00fablicos de 24 horas para el pr\u00f3ximo jueves 28 de abril. &nbsp; La medida de fuerza se llevar\u00e1 a cabo, a partir de las 0 horas, [&hellip;]<\/p>\n","protected":false},"author":1,"featured_media":19220,"comment_status":"open","ping_status":"open","sticky":false,"template":"","format":"standard","meta":{"_exactmetrics_skip_tracking":false,"_exactmetrics_sitenote_active":false,"_exactmetrics_sitenote_note":"","_exactmetrics_sitenote_category":0,"jnews-multi-image_gallery":[],"jnews_single_post":[],"jnews_primary_category":[],"jnews_social_meta":[],"jnews_review":[],"enable_review":"","type":"","name":"","summary":"","brand":"","sku":"","good":[],"bad":[],"score_override":"","override_value":"","rating":[],"price":[],"jnews_override_counter":[],"jnews_post_split":[],"footnotes":""},"categories":[123,8],"tags":[],"class_list":["post-6711","post","type-post","status-publish","format-standard","has-post-thumbnail","hentry","category-paro-provincial","category-provinciales"],"jetpack_featured_media_url":"https:\/\/atecordoba.org\/wp-content\/uploads\/2020\/05\/logo-nuevochico-e1561581322808.png","_links":{"self":[{"href":"https:\/\/atecordoba.org\/index.php?rest_route=\/wp\/v2\/posts\/6711","targetHints":{"allow":["GET"]}}],"collection":[{"href":"https:\/\/atecordoba.org\/index.php?rest_route=\/wp\/v2\/posts"}],"about":[{"href":"https:\/\/atecordoba.org\/index.php?rest_route=\/wp\/v2\/types\/post"}],"author":[{"embeddable":true,"href":"https:\/\/atecordoba.org\/index.php?rest_route=\/wp\/v2\/users\/1"}],"replies":[{"embeddable":true,"href":"https:\/\/atecordoba.org\/index.php?rest_route=%2Fwp%2Fv2%2Fcomments&post=6711"}],"version-history":[{"count":0,"href":"https:\/\/atecordoba.org\/index.php?rest_route=\/wp\/v2\/posts\/6711\/revisions"}],"wp:featuredmedia":[{"embeddable":true,"href":"https:\/\/atecordoba.org\/index.php?rest_route=\/wp\/v2\/media\/19220"}],"wp:attachment":[{"href":"https:\/\/atecordoba.org\/index.php?rest_route=%2Fwp%2Fv2%2Fmedia&parent=6711"}],"wp:term":[{"taxonomy":"category","embeddable":true,"href":"https:\/\/atecordoba.org\/index.php?rest_route=%2Fwp%2Fv2%2Fcategories&post=6711"},{"taxonomy":"post_tag","embeddable":true,"href":"https:\/\/atecordoba.org\/index.php?rest_route=%2Fwp%2Fv2%2Ftags&post=6711"}],"curies":[{"name":"wp","href":"https:\/\/api.w.org\/{rel}","templated":true}]}}