{"id":6697,"date":"2016-04-19T17:15:38","date_gmt":"2016-04-19T20:15:38","guid":{"rendered":"http:\/\/www.atecordoba.org\/?p=6697"},"modified":"2016-04-19T17:15:38","modified_gmt":"2016-04-19T20:15:38","slug":"paro-nacional-importante-movilizacion-en-cordoba","status":"publish","type":"post","link":"https:\/\/atecordoba.org\/?p=6697","title":{"rendered":"Paro nacional: importante movilizaci\u00f3n en C\u00f3rdoba"},"content":{"rendered":"<p><em>En reclamo de aumento salarial para nacionales, provinciales y municipales y en repudio a los despidos, ATE se moviliz\u00f3 hoy por las calles de C\u00f3rdoba. &#8220;Si no nos escuchan seguiremos movilizados&#8221;, afirm\u00f3 la conducci\u00f3n provincial.<\/em><\/p>\n<p><img loading=\"lazy\" decoding=\"async\" class=\"aligncenter size-full wp-image-6698\" src=\"http:\/\/www.atecordoba.org\/wp-content\/uploads\/2016\/04\/DSC_0449.png\" alt=\"DSC_0449\" width=\"550\" height=\"309\" \/><\/p>\n<p>Con abandono a las 9 horas se cumpli\u00f3 hoy el paro dispuesto por nuestra conducci\u00f3n nacional en C\u00f3rdoba. Los compa\u00f1eros se arrimaron a la sede de ATE a media ma\u00f1ana dispuestos a hacer sentir la bronca contra el gobierno nacional y provincial, ante la p\u00e9rdida compulsiva de poder adquisitivo de los salarios de los \u00faltimos meses.<\/p>\n<p><img loading=\"lazy\" decoding=\"async\" class=\"aligncenter size-full wp-image-6699\" src=\"http:\/\/www.atecordoba.org\/wp-content\/uploads\/2016\/04\/DSC_0400.png\" alt=\"DSC_0400\" width=\"550\" height=\"309\" \/><\/p>\n<p>&nbsp;<\/p>\n<p>Sectores provinciales de los hospitales p\u00fablicos y del Ministerio de Educaci\u00f3n, as\u00ed como municipales del norte provincial, se congregaron junto a los trabajadores de los organismos nacionales en la ciudad, convocados por el Consejo Directivo Provincial. Se trat\u00f3 de alrededor de 2000 compa\u00f1eros encolumnados bajo del grito un\u00e1nime &#8220;apertura de paritarias ya!&#8221; y &#8220;basta de ajuste&#8221;.<\/p>\n<p><img loading=\"lazy\" decoding=\"async\" class=\"aligncenter size-full wp-image-6700\" src=\"http:\/\/www.atecordoba.org\/wp-content\/uploads\/2016\/04\/DSC_0427-e1461096392771.jpg\" alt=\"DSC_0427\" width=\"550\" height=\"309\" \/><\/p>\n<p>Trabajadores del Ministerio de Trabajo de la Naci\u00f3n, de la Secretaria de Agricultura Familiar, del Ministerio de Desarrollo Social, de Pensiones, Inti, Anses, Trabajadores Civiles de las FF.AA., PAMI, junto al acompa\u00f1amiento de un importante grupo de compa\u00f1eros del Movimiento Campesino de C\u00f3rdoba, iniciaron la movilizaci\u00f3n alrededor de las 11 de la ma\u00f1ana, que concluy\u00f3 en la esquina de Colon y General Paz.<\/p>\n<p><img loading=\"lazy\" decoding=\"async\" class=\"aligncenter size-full wp-image-6701\" src=\"http:\/\/www.atecordoba.org\/wp-content\/uploads\/2016\/04\/DSC_0441-copia-e1461096450246.jpg\" alt=\"DSC_0441 - copia\" width=\"550\" height=\"309\" \/><\/p>\n<p>&#8220;La inflaci\u00f3n, la devaluaci\u00f3n, los despidos y la falta de di\u00e1logo de los gobiernos de los distintos niveles con ATE hace necesario que salgamos a la calle a expresar nuestros reclamos. Queremos la reapertura urgente de paritarias a nivel nacional y provincial&#8221;, dijo a la prensa Mar\u00eda Liliana Salerno.\u00a0La dirigente se\u00f1al\u00f3 que de no tener respuesta continuar\u00e1n las medidas de fuerza.<\/p>\n<p><img loading=\"lazy\" decoding=\"async\" class=\"aligncenter size-full wp-image-6702\" src=\"http:\/\/www.atecordoba.org\/wp-content\/uploads\/2016\/04\/DSC_0443-copia-e1461096619307.jpg\" alt=\"DSC_0443 - copia\" width=\"550\" height=\"309\" \/><\/p>\n<p>Durante el acto, Salerno destac\u00f3 el impacto de la medida de fuerza en las seccionales del interior provincial y denunci\u00f3 el desguace el Estado en todos sus niveles. &#8220;Para la clase trabajadora es fundamental mantener la organizaci\u00f3n entre los trabajadores para poder lograr los objetivos que nos propusimos&#8221;, resalt\u00f3.<\/p>\n<p><img loading=\"lazy\" decoding=\"async\" class=\"aligncenter size-full wp-image-6703\" src=\"http:\/\/www.atecordoba.org\/wp-content\/uploads\/2016\/04\/DSC_0471-copia-e1461096683461.jpg\" alt=\"DSC_0471 - copia\" width=\"550\" height=\"309\" \/><\/p>\n<p>A su turno, el secretario Adjunto de ATE, Luis Barcena, asegur\u00f3 que &#8220;el ajuste nos golpea a todos. A los miles de estatales despedidos en todo el pa\u00eds se suman los trabajadores del sector privado. De la Naci\u00f3n se traslada el ajuste a las provincias y de ah\u00ed a los municipios, en cada paso de esa cadena los que pierden son los trabajadores&#8221;.<\/p>\n<p><img loading=\"lazy\" decoding=\"async\" class=\"aligncenter size-full wp-image-6704\" src=\"http:\/\/www.atecordoba.org\/wp-content\/uploads\/2016\/04\/85231ae8-793c-4236-aa4a-ff99a0fd8eba-e1461096722234.jpg\" alt=\"85231ae8-793c-4236-aa4a-ff99a0fd8eba\" width=\"550\" height=\"413\" \/><\/p>\n<p>Se produjeron cr\u00edticas directas al ministro de Salud provincial, tanto por la falta de di\u00e1logo en la problem\u00e1tica salarial como por el sistem\u00e1tico vaciamiento de los hospital en C\u00f3rdoba.<\/p>\n<p><img loading=\"lazy\" decoding=\"async\" class=\"aligncenter size-full wp-image-6705\" src=\"http:\/\/www.atecordoba.org\/wp-content\/uploads\/2016\/04\/15f64c02-5939-4442-82c5-e7a1630038be-copia-e1461096758218.jpg\" alt=\"15f64c02-5939-4442-82c5-e7a1630038be - copia\" width=\"413\" height=\"550\" \/><\/p>\n<p>A su turno, el secretario General de la CTA C\u00f3rdoba, Guido Dreizik, afirm\u00f3 que &#8220;los poderosos se llevan la plata afuera, con las offshore, porque no dan los aumentos salariales indispensables para compensar la inflaci\u00f3n&#8221;, y reclam\u00f3 el 82% m\u00f3vil para los jubilados, como plante\u00f3 el actual gobierno durante al campa\u00f1a y no cumpli\u00f3.<\/p>\n<p><strong>Villa Mar\u00eda<\/strong><\/p>\n<p>En tanto, la seccional Villa Mar\u00eda inform\u00f3 que el paro se cumpli\u00f3 con alto acatamiento en diversos sectores del Estado nacional como Fabricaciones Militares, Secretar\u00eda de Agricultura Familiar y CITEDEF, mientras que en le Hospital Pasteur se realiz\u00f3 una asamblea con retenci\u00f3n de servicios desde las 8.30, al igual que en el Hospital de Bell Ville.<\/p>\n<p><img loading=\"lazy\" decoding=\"async\" class=\"aligncenter size-full wp-image-6706\" src=\"http:\/\/www.atecordoba.org\/wp-content\/uploads\/2016\/04\/1-1.png\" alt=\"1\" width=\"550\" height=\"412\" \/><\/p>\n<p>En ese marco, se realiz\u00f3 una concentraci\u00f3n frente a la sede del Centro de Atenci\u00f3n al Ciudadano del Gobierno Provincial, a partir de las 10 horas, posteriormente se march\u00f3 por las calles c\u00e9ntricas y tuvo punto final frente al Banco Naci\u00f3n.<\/p>\n<p>La marcha fue acompa\u00f1ada por dirigentes de la CGT Regional Villa Mar\u00eda,\u00a0 Corriente Clasista Combativa, Federaci\u00f3n de Centro de Jubilados del Interior (FECUDI) y representantes de organizaciones estudiantiles de Universidad de Villa Mar\u00eda.<\/p>\n<p><img loading=\"lazy\" decoding=\"async\" class=\"aligncenter size-full wp-image-6707\" src=\"http:\/\/www.atecordoba.org\/wp-content\/uploads\/2016\/04\/2.png\" alt=\"2\" width=\"550\" height=\"412\" \/><\/p>\n<p>Alrededor de 450 compa\u00f1eros marcharon entonando c\u00e1nticos contra las pol\u00edticas neoliberales de los gobiernos nacional y provincial al ritmo de bombos y redoblantes.<\/p>\n<p><img loading=\"lazy\" decoding=\"async\" class=\"aligncenter size-full wp-image-6708\" src=\"http:\/\/www.atecordoba.org\/wp-content\/uploads\/2016\/04\/DSCN1580.png\" alt=\"DSCN1580\" width=\"550\" height=\"412\" \/><\/p>\n<p>Como cierre se procedi\u00f3 a dar lectura de los documentos elaborados por los jubilados, CGT \u00a0y el de ATE Villa Mar\u00eda planteando como cuesti\u00f3n principal la falta de planes de producci\u00f3n para fabricaciones militares \u00a0y las dificultades en la provisi\u00f3n de insumos para el mantenimiento de las instalaciones; materias primas para la producci\u00f3n de p\u00f3lvoras y explosivos y, elementos de seguridad y salud del trabajo.<\/p>\n","protected":false},"excerpt":{"rendered":"<p>En reclamo de aumento salarial para nacionales, provinciales y municipales y en repudio a los despidos, ATE se moviliz\u00f3 hoy por las calles de C\u00f3rdoba. &#8220;Si no nos escuchan seguiremos movilizados&#8221;, afirm\u00f3 la conducci\u00f3n provincial. Con abandono a las 9 horas se cumpli\u00f3 hoy el paro dispuesto por nuestra conducci\u00f3n nacional en C\u00f3rdoba. Los compa\u00f1eros [&hellip;]<\/p>\n","protected":false},"author":1,"featured_media":19220,"comment_status":"open","ping_status":"open","sticky":false,"template":"","format":"standard","meta":{"_exactmetrics_skip_tracking":false,"_exactmetrics_sitenote_active":false,"_exactmetrics_sitenote_note":"","_exactmetrics_sitenote_category":0,"jnews-multi-image_gallery":[],"jnews_single_post":[],"jnews_primary_category":[],"jnews_social_meta":[],"jnews_review":[],"enable_review":"","type":"","name":"","summary":"","brand":"","sku":"","good":[],"bad":[],"score_override":"","override_value":"","rating":[],"price":[],"jnews_override_counter":[],"jnews_post_split":[],"footnotes":""},"categories":[21],"tags":[],"class_list":["post-6697","post","type-post","status-publish","format-standard","has-post-thumbnail","hentry","category-paro-nacional"],"jetpack_featured_media_url":"https:\/\/atecordoba.org\/wp-content\/uploads\/2020\/05\/logo-nuevochico-e1561581322808.png","_links":{"self":[{"href":"https:\/\/atecordoba.org\/index.php?rest_route=\/wp\/v2\/posts\/6697","targetHints":{"allow":["GET"]}}],"collection":[{"href":"https:\/\/atecordoba.org\/index.php?rest_route=\/wp\/v2\/posts"}],"about":[{"href":"https:\/\/atecordoba.org\/index.php?rest_route=\/wp\/v2\/types\/post"}],"author":[{"embeddable":true,"href":"https:\/\/atecordoba.org\/index.php?rest_route=\/wp\/v2\/users\/1"}],"replies":[{"embeddable":true,"href":"https:\/\/atecordoba.org\/index.php?rest_route=%2Fwp%2Fv2%2Fcomments&post=6697"}],"version-history":[{"count":0,"href":"https:\/\/atecordoba.org\/index.php?rest_route=\/wp\/v2\/posts\/6697\/revisions"}],"wp:featuredmedia":[{"embeddable":true,"href":"https:\/\/atecordoba.org\/index.php?rest_route=\/wp\/v2\/media\/19220"}],"wp:attachment":[{"href":"https:\/\/atecordoba.org\/index.php?rest_route=%2Fwp%2Fv2%2Fmedia&parent=6697"}],"wp:term":[{"taxonomy":"category","embeddable":true,"href":"https:\/\/atecordoba.org\/index.php?rest_route=%2Fwp%2Fv2%2Fcategories&post=6697"},{"taxonomy":"post_tag","embeddable":true,"href":"https:\/\/atecordoba.org\/index.php?rest_route=%2Fwp%2Fv2%2Ftags&post=6697"}],"curies":[{"name":"wp","href":"https:\/\/api.w.org\/{rel}","templated":true}]}}