{"id":6692,"date":"2016-04-15T16:28:23","date_gmt":"2016-04-15T19:28:23","guid":{"rendered":"http:\/\/www.atecordoba.org\/?p=6692"},"modified":"2016-04-15T16:28:23","modified_gmt":"2016-04-15T19:28:23","slug":"indec-volvio-la-patota-que-nunca-se-fue","status":"publish","type":"post","link":"https:\/\/atecordoba.org\/?p=6692","title":{"rendered":"INDEC: volvi\u00f3 la patota que nunca se fue"},"content":{"rendered":"<p><em>Una banda de violentos agredi\u00f3 verbalmente ayer a delegados de la junta interna de ATE en el INDEC y a la Directora de la Encuesta Permanente de Hogares, Cynthia Pok, de quien exig\u00edan su desplazamiento. Los compa\u00f1eros los\u00a0identificaron como parte de la banda residual que se instal\u00f3 en el organismo con la llegada de Guillermo Moreno, afiliada a UPCN. Responsabilizan de su integridad f\u00edsica a Jorge Todesca, titular del instituto de estad\u00edsticas.<\/em><\/p>\n<p><img loading=\"lazy\" decoding=\"async\" class=\"aligncenter size-full wp-image-6693\" src=\"http:\/\/www.atecordoba.org\/wp-content\/uploads\/2016\/04\/indec-e1460748352712.jpg\" alt=\"indec\" width=\"550\" height=\"356\" \/><\/p>\n<p><span style=\"font-style: inherit; font-weight: inherit;\">Testigos del hecho denunciaron que alrededor de 40 personas -ligadas algunas a UPCN- \u00a0se acercaron a la oficina donde funciona la Encuesta Permanente de Hogares y entre gritos e insultos amenazaron a la directora Cynthia Pok y a los delegados de la junta interna de ATE Ra\u00fal Llaneza, Fabio Pe\u00f1alba y Luciano Belforte. A su paso destrozaron parte del mobiliario p\u00fablico.<\/span><\/p>\n<p><span style=\"font-style: inherit; font-weight: inherit;\"><span style=\"font-style: inherit; font-weight: inherit;\">\u201cEstos violentos intentan volver al status quo previo al 11 de diciembre, reincorporando en sus puestos a los directores de la Encuesta Permanente de Hogares, Poblacionales y de la Coordinaci\u00f3n de Cartograf\u00edas\u201d, advirti\u00f3 a El Trabajador del Estado el delegado general de ATE, Ra\u00fal Llaneza. \u201cCon la llegada del nuevo gobierno pens\u00e1bamos que esta escalada de hechos estar\u00eda desterrada\u201d, a\u00f1adi\u00f3 el dirigente.<\/span><\/span><\/p>\n<p><span style=\"font-style: inherit; font-weight: inherit;\"><span style=\"font-style: inherit; font-weight: inherit;\">En un mismo sentido se expres\u00f3 Cynthia Pok a un medio period\u00edstico: &#8220;Esto demuestra que la patota, que apret\u00f3 a trabajadores y manipul\u00f3 informaci\u00f3n, sigue vigente y fuerte en el organismo, a\u00fan con una nueva direcci\u00f3n&#8221;.<\/span><\/span><\/p>\n<p><span style=\"font-style: inherit; font-weight: inherit;\"><span style=\"font-style: inherit; font-weight: inherit;\">Pocos d\u00edas atr\u00e1s, El Trabajador del Estado public\u00f3 en su edici\u00f3n impresa una entrevista a la reincorporada directora de la EPH, en la que declar\u00f3: <span style=\"font-style: inherit; font-weight: inherit;\">\u201cLa idea es que aquellos que ayer nos patotearon, hoy no trabajen en mi equipo. No es mucho pedir, \u00bfno?\u201d. \u00bfSer\u00e1 este el motivo por el cual UPCN decidi\u00f3 agredirla ayer?<\/span><\/span><\/span><\/p>\n<p><span style=\"font-style: inherit; font-weight: inherit;\"><span style=\"font-style: inherit; font-weight: inherit;\">Su Secretario General en el organismo, Rafael Prochet, suscribi\u00f3 hace unos d\u00edas un comunicado en el que apunta a Pok: \u201c<\/span><span style=\"font-style: inherit; font-weight: inherit;\">No vamos a tolerar que se siga se\u00f1alando caprichosamente a compa\u00f1eros con la intenci\u00f3n de complacer sus aires de revanchismo&#8221;.<\/span><\/span><\/p>\n<p><span style=\"font-style: inherit; font-weight: inherit;\"><span style=\"font-style: inherit; font-weight: inherit;\">Los trabajadores de la Encuesta Permanente de Hogares junto con su directora se reunir\u00e1n hoy con el abogado de ATE y la CTA Aut\u00f3noma Juan Carlos Capurro, para definir los detalles de la denuncia penal que van a impulsar.<\/span><\/span><\/p>\n<p><span style=\"font-style: inherit; font-weight: inherit;\"><span style=\"font-style: inherit; font-weight: inherit;\">Asimismo, la junta interna de ATE hace responsable de la integridad f\u00edsica de todos los trabajadores a Jorge Todesca, titular del INDEC.<\/span><\/span><\/p>\n","protected":false},"excerpt":{"rendered":"<p>Una banda de violentos agredi\u00f3 verbalmente ayer a delegados de la junta interna de ATE en el INDEC y a la Directora de la Encuesta Permanente de Hogares, Cynthia Pok, de quien exig\u00edan su desplazamiento. Los compa\u00f1eros los\u00a0identificaron como parte de la banda residual que se instal\u00f3 en el organismo con la llegada de Guillermo [&hellip;]<\/p>\n","protected":false},"author":1,"featured_media":19220,"comment_status":"open","ping_status":"open","sticky":false,"template":"","format":"standard","meta":{"_exactmetrics_skip_tracking":false,"_exactmetrics_sitenote_active":false,"_exactmetrics_sitenote_note":"","_exactmetrics_sitenote_category":0,"jnews-multi-image_gallery":[],"jnews_single_post":[],"jnews_primary_category":[],"jnews_social_meta":[],"jnews_review":[],"enable_review":"","type":"","name":"","summary":"","brand":"","sku":"","good":[],"bad":[],"score_override":"","override_value":"","rating":[],"price":[],"jnews_override_counter":[],"jnews_post_split":[],"footnotes":""},"categories":[18],"tags":[],"class_list":["post-6692","post","type-post","status-publish","format-standard","has-post-thumbnail","hentry","category-nacionales"],"jetpack_featured_media_url":"https:\/\/atecordoba.org\/wp-content\/uploads\/2020\/05\/logo-nuevochico-e1561581322808.png","_links":{"self":[{"href":"https:\/\/atecordoba.org\/index.php?rest_route=\/wp\/v2\/posts\/6692","targetHints":{"allow":["GET"]}}],"collection":[{"href":"https:\/\/atecordoba.org\/index.php?rest_route=\/wp\/v2\/posts"}],"about":[{"href":"https:\/\/atecordoba.org\/index.php?rest_route=\/wp\/v2\/types\/post"}],"author":[{"embeddable":true,"href":"https:\/\/atecordoba.org\/index.php?rest_route=\/wp\/v2\/users\/1"}],"replies":[{"embeddable":true,"href":"https:\/\/atecordoba.org\/index.php?rest_route=%2Fwp%2Fv2%2Fcomments&post=6692"}],"version-history":[{"count":0,"href":"https:\/\/atecordoba.org\/index.php?rest_route=\/wp\/v2\/posts\/6692\/revisions"}],"wp:featuredmedia":[{"embeddable":true,"href":"https:\/\/atecordoba.org\/index.php?rest_route=\/wp\/v2\/media\/19220"}],"wp:attachment":[{"href":"https:\/\/atecordoba.org\/index.php?rest_route=%2Fwp%2Fv2%2Fmedia&parent=6692"}],"wp:term":[{"taxonomy":"category","embeddable":true,"href":"https:\/\/atecordoba.org\/index.php?rest_route=%2Fwp%2Fv2%2Fcategories&post=6692"},{"taxonomy":"post_tag","embeddable":true,"href":"https:\/\/atecordoba.org\/index.php?rest_route=%2Fwp%2Fv2%2Ftags&post=6692"}],"curies":[{"name":"wp","href":"https:\/\/api.w.org\/{rel}","templated":true}]}}