{"id":6688,"date":"2016-04-15T15:04:55","date_gmt":"2016-04-15T18:04:55","guid":{"rendered":"http:\/\/www.atecordoba.org\/?p=6688"},"modified":"2016-04-15T15:04:55","modified_gmt":"2016-04-15T18:04:55","slug":"pesar-por-el-fallecimiento-del-secretario-general-de-ate-tucuman","status":"publish","type":"post","link":"https:\/\/atecordoba.org\/?p=6688","title":{"rendered":"Pesar por el fallecimiento del secretario General de ATE Tucum\u00e1n"},"content":{"rendered":"<p><em>El Consejo\u00a0Directivo Provincial expresa su pesar por el fallecimiento del secretario General de Tucum\u00e1n \u00c1ngel Ra\u00fal Rodr\u00edguez.<\/em><\/p>\n<p><img loading=\"lazy\" decoding=\"async\" class=\"aligncenter size-full wp-image-6689\" src=\"http:\/\/www.atecordoba.org\/wp-content\/uploads\/2016\/04\/CDP-TUCUMAN.jpg\" alt=\"CDP-TUCUMAN\" width=\"400\" height=\"487\" \/><\/p>\n<p style=\"text-align: left;\">Este CDP acompa\u00f1a en el dolor y en este dif\u00edcil momento a sus familiares, amigos y compa\u00f1eros.<\/p>\n<p style=\"text-align: right;\">Mar\u00eda Liliana Salerno<\/p>\n<p style=\"text-align: right;\">Secretaria General<\/p>\n<p>&nbsp;<\/p>\n","protected":false},"excerpt":{"rendered":"<p>El Consejo\u00a0Directivo Provincial expresa su pesar por el fallecimiento del secretario General de Tucum\u00e1n \u00c1ngel Ra\u00fal Rodr\u00edguez. Este CDP acompa\u00f1a en el dolor y en este dif\u00edcil momento a sus familiares, amigos y compa\u00f1eros. Mar\u00eda Liliana Salerno Secretaria General &nbsp;<\/p>\n","protected":false},"author":1,"featured_media":19220,"comment_status":"open","ping_status":"open","sticky":false,"template":"","format":"standard","meta":{"_exactmetrics_skip_tracking":false,"_exactmetrics_sitenote_active":false,"_exactmetrics_sitenote_note":"","_exactmetrics_sitenote_category":0,"jnews-multi-image_gallery":[],"jnews_single_post":[],"jnews_primary_category":[],"jnews_social_meta":[],"jnews_review":[],"enable_review":"","type":"","name":"","summary":"","brand":"","sku":"","good":[],"bad":[],"score_override":"","override_value":"","rating":[],"price":[],"jnews_override_counter":[],"jnews_post_split":[],"footnotes":""},"categories":[1],"tags":[],"class_list":["post-6688","post","type-post","status-publish","format-standard","has-post-thumbnail","hentry","category-sin-categoria"],"jetpack_featured_media_url":"https:\/\/atecordoba.org\/wp-content\/uploads\/2020\/05\/logo-nuevochico-e1561581322808.png","_links":{"self":[{"href":"https:\/\/atecordoba.org\/index.php?rest_route=\/wp\/v2\/posts\/6688","targetHints":{"allow":["GET"]}}],"collection":[{"href":"https:\/\/atecordoba.org\/index.php?rest_route=\/wp\/v2\/posts"}],"about":[{"href":"https:\/\/atecordoba.org\/index.php?rest_route=\/wp\/v2\/types\/post"}],"author":[{"embeddable":true,"href":"https:\/\/atecordoba.org\/index.php?rest_route=\/wp\/v2\/users\/1"}],"replies":[{"embeddable":true,"href":"https:\/\/atecordoba.org\/index.php?rest_route=%2Fwp%2Fv2%2Fcomments&post=6688"}],"version-history":[{"count":0,"href":"https:\/\/atecordoba.org\/index.php?rest_route=\/wp\/v2\/posts\/6688\/revisions"}],"wp:featuredmedia":[{"embeddable":true,"href":"https:\/\/atecordoba.org\/index.php?rest_route=\/wp\/v2\/media\/19220"}],"wp:attachment":[{"href":"https:\/\/atecordoba.org\/index.php?rest_route=%2Fwp%2Fv2%2Fmedia&parent=6688"}],"wp:term":[{"taxonomy":"category","embeddable":true,"href":"https:\/\/atecordoba.org\/index.php?rest_route=%2Fwp%2Fv2%2Fcategories&post=6688"},{"taxonomy":"post_tag","embeddable":true,"href":"https:\/\/atecordoba.org\/index.php?rest_route=%2Fwp%2Fv2%2Ftags&post=6688"}],"curies":[{"name":"wp","href":"https:\/\/api.w.org\/{rel}","templated":true}]}}