{"id":6685,"date":"2016-04-13T19:16:39","date_gmt":"2016-04-13T22:16:39","guid":{"rendered":"http:\/\/www.atecordoba.org\/?p=6685"},"modified":"2016-04-13T19:16:39","modified_gmt":"2016-04-13T22:16:39","slug":"eleccion-de-congresales-para-el-congreso-provincial","status":"publish","type":"post","link":"https:\/\/atecordoba.org\/?p=6685","title":{"rendered":"Elecci\u00f3n de congresales para el Congreso provincial"},"content":{"rendered":"<p><em>Compa\u00f1eros, se llevar\u00e1 a cabo la asamblea resolutiva para elegir los 68 congresales del Consejo Directivo Provincial que participar\u00e1n en el Congreso Provincial del pr\u00f3ximo 29 de abril, en R\u00edo Cuarto.\u00a0<\/em><\/p>\n<figure id=\"attachment_6686\" aria-describedby=\"caption-attachment-6686\" style=\"width: 550px\" class=\"wp-caption aligncenter\"><img loading=\"lazy\" decoding=\"async\" class=\"wp-image-6686 size-full\" src=\"http:\/\/www.atecordoba.org\/wp-content\/uploads\/2016\/04\/IMG_7537-e1460585744569.jpg\" alt=\"IMG_7537\" width=\"550\" height=\"309\" \/><figcaption id=\"caption-attachment-6686\" class=\"wp-caption-text\">archivo, asamblea del 2015.<\/figcaption><\/figure>\n<p>La misma se realizar\u00e1\u00a0el d\u00eda viernes 15 de abril a las 16 horas en la sede gremial de ATE, Entre R\u00edos 450.<\/p>\n<p>&nbsp;<\/p>\n<p style=\"text-align: right;\">Mar\u00eda Liliana Salerno<\/p>\n<p style=\"text-align: right;\">Secretaria General<\/p>\n","protected":false},"excerpt":{"rendered":"<p>Compa\u00f1eros, se llevar\u00e1 a cabo la asamblea resolutiva para elegir los 68 congresales del Consejo Directivo Provincial que participar\u00e1n en el Congreso Provincial del pr\u00f3ximo 29 de abril, en R\u00edo Cuarto.\u00a0 La misma se realizar\u00e1\u00a0el d\u00eda viernes 15 de abril a las 16 horas en la sede gremial de ATE, Entre R\u00edos 450. &nbsp; Mar\u00eda [&hellip;]<\/p>\n","protected":false},"author":1,"featured_media":19220,"comment_status":"open","ping_status":"open","sticky":false,"template":"","format":"standard","meta":{"_exactmetrics_skip_tracking":false,"_exactmetrics_sitenote_active":false,"_exactmetrics_sitenote_note":"","_exactmetrics_sitenote_category":0,"jnews-multi-image_gallery":[],"jnews_single_post":[],"jnews_primary_category":[],"jnews_social_meta":[],"jnews_review":[],"enable_review":"","type":"","name":"","summary":"","brand":"","sku":"","good":[],"bad":[],"score_override":"","override_value":"","rating":[],"price":[],"jnews_override_counter":[],"jnews_post_split":[],"footnotes":""},"categories":[1],"tags":[],"class_list":["post-6685","post","type-post","status-publish","format-standard","has-post-thumbnail","hentry","category-sin-categoria"],"jetpack_featured_media_url":"https:\/\/atecordoba.org\/wp-content\/uploads\/2020\/05\/logo-nuevochico-e1561581322808.png","_links":{"self":[{"href":"https:\/\/atecordoba.org\/index.php?rest_route=\/wp\/v2\/posts\/6685","targetHints":{"allow":["GET"]}}],"collection":[{"href":"https:\/\/atecordoba.org\/index.php?rest_route=\/wp\/v2\/posts"}],"about":[{"href":"https:\/\/atecordoba.org\/index.php?rest_route=\/wp\/v2\/types\/post"}],"author":[{"embeddable":true,"href":"https:\/\/atecordoba.org\/index.php?rest_route=\/wp\/v2\/users\/1"}],"replies":[{"embeddable":true,"href":"https:\/\/atecordoba.org\/index.php?rest_route=%2Fwp%2Fv2%2Fcomments&post=6685"}],"version-history":[{"count":0,"href":"https:\/\/atecordoba.org\/index.php?rest_route=\/wp\/v2\/posts\/6685\/revisions"}],"wp:featuredmedia":[{"embeddable":true,"href":"https:\/\/atecordoba.org\/index.php?rest_route=\/wp\/v2\/media\/19220"}],"wp:attachment":[{"href":"https:\/\/atecordoba.org\/index.php?rest_route=%2Fwp%2Fv2%2Fmedia&parent=6685"}],"wp:term":[{"taxonomy":"category","embeddable":true,"href":"https:\/\/atecordoba.org\/index.php?rest_route=%2Fwp%2Fv2%2Fcategories&post=6685"},{"taxonomy":"post_tag","embeddable":true,"href":"https:\/\/atecordoba.org\/index.php?rest_route=%2Fwp%2Fv2%2Ftags&post=6685"}],"curies":[{"name":"wp","href":"https:\/\/api.w.org\/{rel}","templated":true}]}}