{"id":6680,"date":"2016-04-12T16:37:12","date_gmt":"2016-04-12T19:37:12","guid":{"rendered":"http:\/\/www.atecordoba.org\/?p=6680"},"modified":"2016-04-12T16:37:12","modified_gmt":"2016-04-12T19:37:12","slug":"secretaria-de-agricultura-familiar-vaciamiento-preanuncia-cierre-del-organismo","status":"publish","type":"post","link":"https:\/\/atecordoba.org\/?p=6680","title":{"rendered":"Secretaria de Agricultura Familiar: vaciamiento preanuncia cierre del organismo"},"content":{"rendered":"<p><em>Los trabajadores de la Secretaria de Agricultura Familiar de la Naci\u00f3n (SAF) alertan a la comunidad que los despidos que ATE viene denunciando en el sector, que constituyen m\u00e1s de 200 trabajadores cesanteados en los \u00faltimos d\u00edas en todo el pa\u00eds, preanuncian el cierre del organismo.<\/em><\/p>\n<p><img loading=\"lazy\" decoding=\"async\" class=\"aligncenter size-full wp-image-6681\" src=\"http:\/\/www.atecordoba.org\/wp-content\/uploads\/2016\/04\/DSC_0362-e1460489145201.jpg\" alt=\"DSC_0362\" width=\"550\" height=\"309\" \/><\/p>\n<p>Los trabajadores realizaron ayer una asamblea en la Delegaci\u00f3n C\u00f3rdoba, conjuntamente con miembros de la comisi\u00f3n directiva de ATE, y mantuvieron una reuni\u00f3n con el coordinador local donde \u00e9ste se neg\u00f3 a reconsiderar la decisi\u00f3n irresponsable de despedir 20 compa\u00f1eros que se desempe\u00f1an en la provincia. Al mismo tiempo el funcionario se neg\u00f3 a hacerse cargo de lo evidente: fue quien arm\u00f3 la lista negra donde se incluy\u00f3 a los despedidos. Sin embargo, si confirm\u00f3 que continuar\u00e1n los despidos.<\/p>\n<p>Ante esta situaci\u00f3n, los trabajadores de la SAF denunciamos que los trabajadores si queremos trabajar pero es el gobierno nacional quien lo impide \u00a0mediante un desmantelamiento funcional -concretado a trav\u00e9s de despidos sin causa, vaciamiento presupuestario y ausencia total de l\u00edneas de trabajo-, imposibilitando el normal desarrollo de las tareas cotidianas de todo el equipo de la delegaci\u00f3n C\u00f3rdoba de la SAF.<\/p>\n<p>Por todo ello exigimos:<\/p>\n<p>La instalaci\u00f3n inmediata de una mesa de negociaci\u00f3n con los trabajadores y un interlocutor v\u00e1lido, debido a que el coordinador manifiesta su permanente imposibilidad de generar soluciones a los problemas que denunciamos a diferencia de otros coordinadores del resto del pa\u00eds.<\/p>\n<p>Responsabilizamos por esta situaci\u00f3n al coordinador Juan Pablo Vecchi, al secretario de Agricultura Familiar Oscar Alloatti y al ministro de Agroindustria Ricardo Buryaille.<\/p>\n<p style=\"text-align: center;\">Ni un despido m\u00e1s<\/p>\n<p style=\"text-align: center;\">Reincorporaci\u00f3n ya de todos los despedidos<\/p>\n<p style=\"text-align: center;\">Pase a planta permanente de todos los trabajadores<\/p>\n<p style=\"text-align: center;\">Presupuesto y lineamientos para la continuidad de la pol\u00edtica p\u00fablica en el sector<\/p>\n","protected":false},"excerpt":{"rendered":"<p>Los trabajadores de la Secretaria de Agricultura Familiar de la Naci\u00f3n (SAF) alertan a la comunidad que los despidos que ATE viene denunciando en el sector, que constituyen m\u00e1s de 200 trabajadores cesanteados en los \u00faltimos d\u00edas en todo el pa\u00eds, preanuncian el cierre del organismo. Los trabajadores realizaron ayer una asamblea en la Delegaci\u00f3n [&hellip;]<\/p>\n","protected":false},"author":1,"featured_media":19220,"comment_status":"open","ping_status":"open","sticky":false,"template":"","format":"standard","meta":{"_exactmetrics_skip_tracking":false,"_exactmetrics_sitenote_active":false,"_exactmetrics_sitenote_note":"","_exactmetrics_sitenote_category":0,"jnews-multi-image_gallery":[],"jnews_single_post":[],"jnews_primary_category":[],"jnews_social_meta":[],"jnews_review":[],"enable_review":"","type":"","name":"","summary":"","brand":"","sku":"","good":[],"bad":[],"score_override":"","override_value":"","rating":[],"price":[],"jnews_override_counter":[],"jnews_post_split":[],"footnotes":""},"categories":[18,16],"tags":[],"class_list":["post-6680","post","type-post","status-publish","format-standard","has-post-thumbnail","hentry","category-nacionales","category-saf"],"jetpack_featured_media_url":"https:\/\/atecordoba.org\/wp-content\/uploads\/2020\/05\/logo-nuevochico-e1561581322808.png","_links":{"self":[{"href":"https:\/\/atecordoba.org\/index.php?rest_route=\/wp\/v2\/posts\/6680","targetHints":{"allow":["GET"]}}],"collection":[{"href":"https:\/\/atecordoba.org\/index.php?rest_route=\/wp\/v2\/posts"}],"about":[{"href":"https:\/\/atecordoba.org\/index.php?rest_route=\/wp\/v2\/types\/post"}],"author":[{"embeddable":true,"href":"https:\/\/atecordoba.org\/index.php?rest_route=\/wp\/v2\/users\/1"}],"replies":[{"embeddable":true,"href":"https:\/\/atecordoba.org\/index.php?rest_route=%2Fwp%2Fv2%2Fcomments&post=6680"}],"version-history":[{"count":0,"href":"https:\/\/atecordoba.org\/index.php?rest_route=\/wp\/v2\/posts\/6680\/revisions"}],"wp:featuredmedia":[{"embeddable":true,"href":"https:\/\/atecordoba.org\/index.php?rest_route=\/wp\/v2\/media\/19220"}],"wp:attachment":[{"href":"https:\/\/atecordoba.org\/index.php?rest_route=%2Fwp%2Fv2%2Fmedia&parent=6680"}],"wp:term":[{"taxonomy":"category","embeddable":true,"href":"https:\/\/atecordoba.org\/index.php?rest_route=%2Fwp%2Fv2%2Fcategories&post=6680"},{"taxonomy":"post_tag","embeddable":true,"href":"https:\/\/atecordoba.org\/index.php?rest_route=%2Fwp%2Fv2%2Ftags&post=6680"}],"curies":[{"name":"wp","href":"https:\/\/api.w.org\/{rel}","templated":true}]}}