{"id":6673,"date":"2016-04-11T17:08:14","date_gmt":"2016-04-11T20:08:14","guid":{"rendered":"http:\/\/www.atecordoba.org\/?p=6673"},"modified":"2016-04-11T17:08:14","modified_gmt":"2016-04-11T20:08:14","slug":"19-de-abril-paro-nacional-y-movilizacion","status":"publish","type":"post","link":"https:\/\/atecordoba.org\/?p=6673","title":{"rendered":"19 de abril: Paro Nacional y movilizaci\u00f3n"},"content":{"rendered":"<p><em>La Conducci\u00f3n Nacional de ATE junto a los Secretarios Generales de las provincias, en l\u00ednea con lo que hab\u00eda resuelto el Plenario Nacional de Delegados, resolvieron convocar a un paro nacional con movilizaci\u00f3n para los trabajadores del Estado nacional, los provinciales y municipales. El mismo se realizar\u00e1 el pr\u00f3ximo 19 de abril.<\/em><\/p>\n<p><img loading=\"lazy\" decoding=\"async\" class=\"aligncenter size-full wp-image-6674\" src=\"http:\/\/www.atecordoba.org\/wp-content\/uploads\/2016\/04\/paro-nacional-ATE-e1460405270253.jpg\" alt=\"paro nacional ATE\" width=\"550\" height=\"309\" \/><\/p>\n<p><span style=\"font-style: inherit; font-weight: inherit;\"><span style=\"font-style: inherit; font-weight: inherit;\">La medida fue dispuesta en reclamo de la reincorporaci\u00f3n de todos los trabajadores injustamente despedidos y para la inmediata reapertura de las paritarias para discutir la precariedad laboral, los aumentos de los salarios y respaldar las luchas en todo el pa\u00eds.<\/span><\/span><\/p>\n<p><span style=\"font-style: inherit; font-weight: inherit;\"><span style=\"font-style: inherit; font-weight: inherit;\">Tambi\u00e9n se aprob\u00f3 para el 18 de abril, la instalaci\u00f3n de una carpa en el Congreso de la Naci\u00f3n, por parte del Centro de Jubilados de ATE para presentar un proyecto de ley por el 82 % m\u00f3vil y en defensa del sistema previsional p\u00fablico y solidario.<\/span><\/span><\/p>\n<p><span style=\"font-style: inherit; font-weight: inherit;\"><span style=\"font-style: inherit; font-weight: inherit;\">Adem\u00e1s, se otorg\u00f3 mandato a la Conducci\u00f3n para promover la unidad con otras organizaciones sindicales, sociales y populares para avanzar en la concreci\u00f3n de un paro\u00a0 general nacional y unificar las acciones en torno del 19 de abril.<\/span><\/span><\/p>\n<p><span style=\"font-style: inherit; font-weight: inherit;\"><span style=\"font-style: inherit; font-weight: inherit;\">Finalmente, despu\u00e9s de un largo proceso de debate que se ha venido desarrollando en la organizaci\u00f3n en los \u00faltimos tres a\u00f1os, tras los aportes de los distintos Consejos Directivos Provinciales, se aprob\u00f3 por unanimidad entre todos los presentes, un nuevo reglamento para la elecci\u00f3n de los delegados y Juntas Internas de ATE en todo el pa\u00eds. El fin es que se promueva la elecci\u00f3n de delegados y se garantice su elecci\u00f3n v\u00eda voto directo y secreto en todos los sectores y organismos de los estados nacionales, provinciales y municipales.<\/span><\/span><\/p>\n","protected":false},"excerpt":{"rendered":"<p>La Conducci\u00f3n Nacional de ATE junto a los Secretarios Generales de las provincias, en l\u00ednea con lo que hab\u00eda resuelto el Plenario Nacional de Delegados, resolvieron convocar a un paro nacional con movilizaci\u00f3n para los trabajadores del Estado nacional, los provinciales y municipales. El mismo se realizar\u00e1 el pr\u00f3ximo 19 de abril. La medida fue [&hellip;]<\/p>\n","protected":false},"author":1,"featured_media":19220,"comment_status":"open","ping_status":"open","sticky":false,"template":"","format":"standard","meta":{"_exactmetrics_skip_tracking":false,"_exactmetrics_sitenote_active":false,"_exactmetrics_sitenote_note":"","_exactmetrics_sitenote_category":0,"jnews-multi-image_gallery":[],"jnews_single_post":[],"jnews_primary_category":[],"jnews_social_meta":[],"jnews_review":[],"enable_review":"","type":"","name":"","summary":"","brand":"","sku":"","good":[],"bad":[],"score_override":"","override_value":"","rating":[],"price":[],"jnews_override_counter":[],"jnews_post_split":[],"footnotes":""},"categories":[21],"tags":[],"class_list":["post-6673","post","type-post","status-publish","format-standard","has-post-thumbnail","hentry","category-paro-nacional"],"jetpack_featured_media_url":"https:\/\/atecordoba.org\/wp-content\/uploads\/2020\/05\/logo-nuevochico-e1561581322808.png","_links":{"self":[{"href":"https:\/\/atecordoba.org\/index.php?rest_route=\/wp\/v2\/posts\/6673","targetHints":{"allow":["GET"]}}],"collection":[{"href":"https:\/\/atecordoba.org\/index.php?rest_route=\/wp\/v2\/posts"}],"about":[{"href":"https:\/\/atecordoba.org\/index.php?rest_route=\/wp\/v2\/types\/post"}],"author":[{"embeddable":true,"href":"https:\/\/atecordoba.org\/index.php?rest_route=\/wp\/v2\/users\/1"}],"replies":[{"embeddable":true,"href":"https:\/\/atecordoba.org\/index.php?rest_route=%2Fwp%2Fv2%2Fcomments&post=6673"}],"version-history":[{"count":0,"href":"https:\/\/atecordoba.org\/index.php?rest_route=\/wp\/v2\/posts\/6673\/revisions"}],"wp:featuredmedia":[{"embeddable":true,"href":"https:\/\/atecordoba.org\/index.php?rest_route=\/wp\/v2\/media\/19220"}],"wp:attachment":[{"href":"https:\/\/atecordoba.org\/index.php?rest_route=%2Fwp%2Fv2%2Fmedia&parent=6673"}],"wp:term":[{"taxonomy":"category","embeddable":true,"href":"https:\/\/atecordoba.org\/index.php?rest_route=%2Fwp%2Fv2%2Fcategories&post=6673"},{"taxonomy":"post_tag","embeddable":true,"href":"https:\/\/atecordoba.org\/index.php?rest_route=%2Fwp%2Fv2%2Ftags&post=6673"}],"curies":[{"name":"wp","href":"https:\/\/api.w.org\/{rel}","templated":true}]}}