{"id":6669,"date":"2016-04-11T16:47:29","date_gmt":"2016-04-11T19:47:29","guid":{"rendered":"http:\/\/www.atecordoba.org\/?p=6669"},"modified":"2016-04-11T16:47:29","modified_gmt":"2016-04-11T19:47:29","slug":"reinstalan-dos-delegados-de-ate-de-unquillo-cesanteados-ilegalmente-por-el-intendente-fabrissin","status":"publish","type":"post","link":"https:\/\/atecordoba.org\/?p=6669","title":{"rendered":"Reinstalan dos delegados de ATE de Unquillo cesanteados ilegalmente por el intendente Fabrissin"},"content":{"rendered":"<p><em>La justicia orden\u00f3 el viernes pasado la reinstalaci\u00f3n de dos delegados de ATE, cesanteados por el intendente Jorge Fabrissin en el marco del brutal ajuste que viene sometiendo a los municipales de Unquillo y la campa\u00f1a persecutoria contra nuestro gremio.\u00a0<\/em><\/p>\n<p><img loading=\"lazy\" decoding=\"async\" class=\"aligncenter size-full wp-image-6678\" src=\"http:\/\/www.atecordoba.org\/wp-content\/uploads\/2016\/04\/46b868da-4ff2-409f-ba4d-0e3f67188bf1-e1460415576540.jpg\" alt=\"46b868da-4ff2-409f-ba4d-0e3f67188bf1\" width=\"550\" height=\"550\" \/><\/p>\n<p>Se trata de dos de los cinco delegados de ATE cesanteados\u00a0por el municipio en enero pasado, cuando el intendente Jorge Fabrissin despidi\u00f3 a m\u00e1s de 200 trabajadores, en el marco de un brutal ajuste sobre la planta de personal de la localidad de Unquillo. La reinstalaci\u00f3n es resultado de un recurso de amparo presentado por la asesor\u00eda letrada de ATE, toda vez que los delegados cuentan con la tutela sindical, figura protectora de la legislaci\u00f3n laboral argentina de la organizaci\u00f3n gremial en los sectores de trabajo.\u00a0Los delegados son Lucas Ariel Bustamante y Roxana Bustos.<\/p>\n<p>La medida, ilegal y arbitraria, se produjo en medio de la persecuci\u00f3n que Fabrissin llev\u00f3 a cabo contra ATE por oponerse a los despidos.<\/p>\n<p>En el dictamen judicial se ordena adem\u00e1s &#8220;mantener las mismas condiciones laborales que ten\u00eda antes de la decisi\u00f3n rescisoria (categor\u00eda profesional, lugar y jornada de trabajo), con derecho al pago de los salarios ca\u00eddos&#8221;. De esta forma, ambos delegados cobrar\u00e1n los haberes adeudados de enero, febrero y marzo, que no hab\u00edan cobrado. Por cada d\u00eda que la municipalidad se retrase en cumplir la orden judicial deber\u00e1 pagar una multa estipulada por el juzgado interviniente.<\/p>\n<p>&nbsp;<\/p>\n<div><\/div>\n<div class=\"yj6qo ajU\"><\/div>\n","protected":false},"excerpt":{"rendered":"<p>La justicia orden\u00f3 el viernes pasado la reinstalaci\u00f3n de dos delegados de ATE, cesanteados por el intendente Jorge Fabrissin en el marco del brutal ajuste que viene sometiendo a los municipales de Unquillo y la campa\u00f1a persecutoria contra nuestro gremio.\u00a0 Se trata de dos de los cinco delegados de ATE cesanteados\u00a0por el municipio en enero [&hellip;]<\/p>\n","protected":false},"author":1,"featured_media":19220,"comment_status":"open","ping_status":"open","sticky":false,"template":"","format":"standard","meta":{"_exactmetrics_skip_tracking":false,"_exactmetrics_sitenote_active":false,"_exactmetrics_sitenote_note":"","_exactmetrics_sitenote_category":0,"jnews-multi-image_gallery":[],"jnews_single_post":[],"jnews_primary_category":[],"jnews_social_meta":[],"jnews_review":[],"enable_review":"","type":"","name":"","summary":"","brand":"","sku":"","good":[],"bad":[],"score_override":"","override_value":"","rating":[],"price":[],"jnews_override_counter":[],"jnews_post_split":[],"footnotes":""},"categories":[20],"tags":[],"class_list":["post-6669","post","type-post","status-publish","format-standard","has-post-thumbnail","hentry","category-municipales"],"jetpack_featured_media_url":"https:\/\/atecordoba.org\/wp-content\/uploads\/2020\/05\/logo-nuevochico-e1561581322808.png","_links":{"self":[{"href":"https:\/\/atecordoba.org\/index.php?rest_route=\/wp\/v2\/posts\/6669","targetHints":{"allow":["GET"]}}],"collection":[{"href":"https:\/\/atecordoba.org\/index.php?rest_route=\/wp\/v2\/posts"}],"about":[{"href":"https:\/\/atecordoba.org\/index.php?rest_route=\/wp\/v2\/types\/post"}],"author":[{"embeddable":true,"href":"https:\/\/atecordoba.org\/index.php?rest_route=\/wp\/v2\/users\/1"}],"replies":[{"embeddable":true,"href":"https:\/\/atecordoba.org\/index.php?rest_route=%2Fwp%2Fv2%2Fcomments&post=6669"}],"version-history":[{"count":0,"href":"https:\/\/atecordoba.org\/index.php?rest_route=\/wp\/v2\/posts\/6669\/revisions"}],"wp:featuredmedia":[{"embeddable":true,"href":"https:\/\/atecordoba.org\/index.php?rest_route=\/wp\/v2\/media\/19220"}],"wp:attachment":[{"href":"https:\/\/atecordoba.org\/index.php?rest_route=%2Fwp%2Fv2%2Fmedia&parent=6669"}],"wp:term":[{"taxonomy":"category","embeddable":true,"href":"https:\/\/atecordoba.org\/index.php?rest_route=%2Fwp%2Fv2%2Fcategories&post=6669"},{"taxonomy":"post_tag","embeddable":true,"href":"https:\/\/atecordoba.org\/index.php?rest_route=%2Fwp%2Fv2%2Ftags&post=6669"}],"curies":[{"name":"wp","href":"https:\/\/api.w.org\/{rel}","templated":true}]}}